{"id":4814,"date":"2015-11-16T10:37:47","date_gmt":"2015-11-16T13:37:47","guid":{"rendered":"http:\/\/ultimato.com.br\/sites\/paralelo10\/?p=4814"},"modified":"2015-11-16T10:37:47","modified_gmt":"2015-11-16T13:37:47","slug":"joao-pessoa-sedia-i-forum-evangelico-de-drogadicao","status":"publish","type":"post","link":"https:\/\/ultimato.com.br\/sites\/paralelo10\/2015\/11\/joao-pessoa-sedia-i-forum-evangelico-de-drogadicao\/","title":{"rendered":"Jo\u00e3o Pessoa sedia I F\u00f3rum Evang\u00e9lico de Drogadi\u00e7\u00e3o"},"content":{"rendered":"<p><a href=\"http:\/\/ultimato.com.br\/sites\/paralelo10\/files\/2015\/11\/Forum_evangelico_drogadi\u00e7\u00e3o.jpg\"><img loading=\"lazy\" decoding=\"async\" class=\"alignright size-full wp-image-4815\" src=\"http:\/\/ultimato.com.br\/sites\/paralelo10\/files\/2015\/11\/Forum_evangelico_drogadi\u00e7\u00e3o.jpg\" alt=\"Forum_evangelico_drogadi\u00e7\u00e3o\" width=\"206\" height=\"134\" srcset=\"https:\/\/ultimato.com.br\/sites\/paralelo10\/files\/2015\/11\/Forum_evangelico_drogadi\u00e7\u00e3o.jpg 206w, https:\/\/ultimato.com.br\/sites\/paralelo10\/files\/2015\/11\/Forum_evangelico_drogadi\u00e7\u00e3o-150x98.jpg 150w\" sizes=\"auto, (max-width: 206px) 100vw, 206px\" \/><\/a>Acontece em Jo\u00e3o Pessoa, Para\u00edba, nos dias 25 e 26 de novembro o <a href=\"http:\/\/www.combateasdrogas.com\/\" target=\"_blank\">I F\u00f3rum Evang\u00e9lico Pessoense de Drogadi\u00e7\u00e3o<\/a>. O objetivo do evento \u00e9 reunir pastores e l\u00edderes da cidade para refletir sobre o papel da Igreja no combate \u00e0s drogas e tamb\u00e9m apresentar ferramentas que empoderem as igrejas para o enfrentamento do problema.<\/p>\n<p>O F\u00f3rum \u00e9 direcionado a pastores e l\u00edderes de igrejas, l\u00edderes de ONGs e pessoas interessadas no tema, limitado \u00e0 regi\u00e3o metropolitana de Jo\u00e3o Pessoa. Um segundo f\u00f3rum poder\u00e1 ser realizado em alguma cidade p\u00f3lo do sert\u00e3o.<!--more--><\/p>\n<p>De acordo com organiza\u00e7\u00e3o do encontro, espera-se que igrejas se coloquem \u00e0 disposi\u00e7\u00e3o para uma posterior etapa de capacita\u00e7\u00e3o para possibilitar a atua\u00e7\u00e3o nas escolas do seu bairro com a\u00e7\u00f5es de preven\u00e7\u00e3o e a forma\u00e7\u00e3o de grupos de apoio e acolhimento de fam\u00edlias de dependentes qu\u00edmicos, visto que o ambiente escolar tem sido cada vez mais atingido pelo problema da Drogadi\u00e7\u00e3o.<\/p>\n<p>Entre os preletores est\u00e3o T\u00falio Polari (Coordenador Estadual de Pol\u00edtica sobre Drogas), Serguem Jessui (Presidente da Tearfund Brasil), Saulo Duarte (Coordenador do minist\u00e9rio de Cuidados Comunit\u00e1rios da Igreja Cidade Viva), Deusimar Guedes (Presidente da Comiss\u00e3o de Pol\u00edticas de Seguran\u00e7a e Drogas da OAB), entre outros.<\/p>\n<p><strong>Servi\u00e7o<\/strong><br \/>\nEvento:<a href=\"http:\/\/www.combateasdrogas.com\/\" target=\"_blank\"> I F\u00f3rum Evang\u00e9lico Pessoanse de Drogadi\u00e7\u00e3o<\/a>.<br \/>\nData: 25 e 26 de novembro.<br \/>\nLocal: Jo\u00e3o Pessoa, Para\u00edba (Tempo da Primeira Igreja Batista JP).<br \/>\n<a href=\"http:\/\/www.combateasdrogas.com\/\">Clique aqui<\/a> para mais informa\u00e7\u00f5es.<\/p>\n<p>&nbsp;<\/p>\n","protected":false},"excerpt":{"rendered":"<p>Acontece em Jo\u00e3o Pessoa, Para\u00edba, nos dias 25 e 26 de novembro o I F\u00f3rum Evang\u00e9lico Pessoense de Drogadi\u00e7\u00e3o. O objetivo do evento \u00e9 reunir pastores e l\u00edderes da cidade para refletir sobre o papel da Igreja no combate \u00e0s drogas e tamb\u00e9m apresentar ferramentas que empoderem as igrejas para o enfrentamento do problema. O [&hellip;]<\/p>\n","protected":false},"author":2,"featured_media":0,"comment_status":"open","ping_status":"open","sticky":false,"template":"","format":"standard","meta":{"ngg_post_thumbnail":0,"footnotes":""},"categories":[7],"tags":[23246,10171,135,67,37],"class_list":["post-4814","post","type-post","status-publish","format-standard","hentry","category-noticias","tag-drogadicao","tag-drogas","tag-joao-pessoa","tag-paraiba","tag-tearfund"],"_links":{"self":[{"href":"https:\/\/ultimato.com.br\/sites\/paralelo10\/wp-json\/wp\/v2\/posts\/4814","targetHints":{"allow":["GET"]}}],"collection":[{"href":"https:\/\/ultimato.com.br\/sites\/paralelo10\/wp-json\/wp\/v2\/posts"}],"about":[{"href":"https:\/\/ultimato.com.br\/sites\/paralelo10\/wp-json\/wp\/v2\/types\/post"}],"author":[{"embeddable":true,"href":"https:\/\/ultimato.com.br\/sites\/paralelo10\/wp-json\/wp\/v2\/users\/2"}],"replies":[{"embeddable":true,"href":"https:\/\/ultimato.com.br\/sites\/paralelo10\/wp-json\/wp\/v2\/comments?post=4814"}],"version-history":[{"count":2,"href":"https:\/\/ultimato.com.br\/sites\/paralelo10\/wp-json\/wp\/v2\/posts\/4814\/revisions"}],"predecessor-version":[{"id":4817,"href":"https:\/\/ultimato.com.br\/sites\/paralelo10\/wp-json\/wp\/v2\/posts\/4814\/revisions\/4817"}],"wp:attachment":[{"href":"https:\/\/ultimato.com.br\/sites\/paralelo10\/wp-json\/wp\/v2\/media?parent=4814"}],"wp:term":[{"taxonomy":"category","embeddable":true,"href":"https:\/\/ultimato.com.br\/sites\/paralelo10\/wp-json\/wp\/v2\/categories?post=4814"},{"taxonomy":"post_tag","embeddable":true,"href":"https:\/\/ultimato.com.br\/sites\/paralelo10\/wp-json\/wp\/v2\/tags?post=4814"}],"curies":[{"name":"wp","href":"https:\/\/api.w.org\/{rel}","templated":true}]}}