{"id":4596,"date":"2015-08-21T11:45:17","date_gmt":"2015-08-21T14:45:17","guid":{"rendered":"http:\/\/ultimato.com.br\/sites\/paralelo10\/?p=4596"},"modified":"2015-08-21T11:45:17","modified_gmt":"2015-08-21T14:45:17","slug":"em-defesa-da-amazonia","status":"publish","type":"post","link":"https:\/\/ultimato.com.br\/sites\/paralelo10\/2015\/08\/em-defesa-da-amazonia\/","title":{"rendered":"Em defesa da Amaz\u00f4nia"},"content":{"rendered":"<p>Programa da TV Senado apresenta uma audi\u00eancia p\u00fablica da Comiss\u00e3o de Rela\u00e7\u00f5es Exteriores e Defesa Nacional, na qual s\u00e3o discutidas a biodiversidade da Amaz\u00f4nia, sua riqueza mineral e os problemas relacionados \u00e0 imigra\u00e7\u00e3o e ao tr\u00e1fico de drogas, entre outros temas.<\/p>\n<p>Participou da audi\u00eancia o comandante do Ex\u00e9rcito Brasileiro, Gen. Eduardo Villas B\u00f4as, cuja experi\u00eancia oferece reflex\u00e3o e apresenta as preocupa\u00e7\u00f5es nacionais e internacionais relacionadas \u00e0 essa regi\u00e3o.<\/p>\n<p>O programa est\u00e1 dividido em 3 blocos. Assista, reflita e ore!<\/p>\n<p>&nbsp;<\/p>\n<p><iframe loading=\"lazy\" width=\"750\" height=\"563\" src=\"https:\/\/www.youtube.com\/embed\/qpJjqpd6e7A?feature=oembed\" frameborder=\"0\" allowfullscreen><\/iframe><\/p>\n<p><iframe loading=\"lazy\" width=\"750\" height=\"563\" src=\"https:\/\/www.youtube.com\/embed\/OLWkveFP7uI?feature=oembed\" frameborder=\"0\" allowfullscreen><\/iframe><\/p>\n<p><iframe loading=\"lazy\" width=\"750\" height=\"563\" src=\"https:\/\/www.youtube.com\/embed\/Xem-XdqdDaQ?feature=oembed\" frameborder=\"0\" allowfullscreen><\/iframe><\/p>\n","protected":false},"excerpt":{"rendered":"<p>Programa da TV Senado apresenta uma audi\u00eancia p\u00fablica da Comiss\u00e3o de Rela\u00e7\u00f5es Exteriores e Defesa Nacional, na qual s\u00e3o discutidas a biodiversidade da Amaz\u00f4nia, sua riqueza mineral e os problemas relacionados \u00e0 imigra\u00e7\u00e3o e ao tr\u00e1fico de drogas, entre outros temas. Participou da audi\u00eancia o comandante do Ex\u00e9rcito Brasileiro, Gen. Eduardo Villas B\u00f4as, cuja experi\u00eancia [&hellip;]<\/p>\n","protected":false},"author":2,"featured_media":0,"comment_status":"open","ping_status":"open","sticky":false,"template":"","format":"standard","meta":{"ngg_post_thumbnail":0,"footnotes":""},"categories":[14],"tags":[],"class_list":["post-4596","post","type-post","status-publish","format-standard","hentry","category-recursos"],"_links":{"self":[{"href":"https:\/\/ultimato.com.br\/sites\/paralelo10\/wp-json\/wp\/v2\/posts\/4596","targetHints":{"allow":["GET"]}}],"collection":[{"href":"https:\/\/ultimato.com.br\/sites\/paralelo10\/wp-json\/wp\/v2\/posts"}],"about":[{"href":"https:\/\/ultimato.com.br\/sites\/paralelo10\/wp-json\/wp\/v2\/types\/post"}],"author":[{"embeddable":true,"href":"https:\/\/ultimato.com.br\/sites\/paralelo10\/wp-json\/wp\/v2\/users\/2"}],"replies":[{"embeddable":true,"href":"https:\/\/ultimato.com.br\/sites\/paralelo10\/wp-json\/wp\/v2\/comments?post=4596"}],"version-history":[{"count":1,"href":"https:\/\/ultimato.com.br\/sites\/paralelo10\/wp-json\/wp\/v2\/posts\/4596\/revisions"}],"predecessor-version":[{"id":4597,"href":"https:\/\/ultimato.com.br\/sites\/paralelo10\/wp-json\/wp\/v2\/posts\/4596\/revisions\/4597"}],"wp:attachment":[{"href":"https:\/\/ultimato.com.br\/sites\/paralelo10\/wp-json\/wp\/v2\/media?parent=4596"}],"wp:term":[{"taxonomy":"category","embeddable":true,"href":"https:\/\/ultimato.com.br\/sites\/paralelo10\/wp-json\/wp\/v2\/categories?post=4596"},{"taxonomy":"post_tag","embeddable":true,"href":"https:\/\/ultimato.com.br\/sites\/paralelo10\/wp-json\/wp\/v2\/tags?post=4596"}],"curies":[{"name":"wp","href":"https:\/\/api.w.org\/{rel}","templated":true}]}}