{"id":4437,"date":"2015-07-13T10:13:45","date_gmt":"2015-07-13T13:13:45","guid":{"rendered":"http:\/\/ultimato.com.br\/sites\/paralelo10\/?p=4437"},"modified":"2015-07-13T10:13:45","modified_gmt":"2015-07-13T13:13:45","slug":"a-criacao-e-o-papel-dos-seres-humanos","status":"publish","type":"post","link":"https:\/\/ultimato.com.br\/sites\/paralelo10\/2015\/07\/a-criacao-e-o-papel-dos-seres-humanos\/","title":{"rendered":"A cria\u00e7\u00e3o e o papel dos seres humanos"},"content":{"rendered":"<p><a href=\"http:\/\/ultimato.com.br\/sites\/paralelo10\/files\/2015\/07\/Sustentabilidade_ambiental.jpg\" class=\"lightview\" data-lightview-group=\"group-4437\" data-lightview-options=\"skin: 'dark', controls: 'relative', padding: '10', shadow: { color: '#000000', opacity: 0.08, blur: 3 }\"><img loading=\"lazy\" decoding=\"async\" class=\"alignright size-full wp-image-4438\" src=\"http:\/\/ultimato.com.br\/sites\/paralelo10\/files\/2015\/07\/Sustentabilidade_ambiental.jpg\" alt=\"Sustentabilidade_ambiental\" width=\"264\" height=\"356\" srcset=\"https:\/\/ultimato.com.br\/sites\/paralelo10\/files\/2015\/07\/Sustentabilidade_ambiental.jpg 264w, https:\/\/ultimato.com.br\/sites\/paralelo10\/files\/2015\/07\/Sustentabilidade_ambiental-222x300.jpg 222w, https:\/\/ultimato.com.br\/sites\/paralelo10\/files\/2015\/07\/Sustentabilidade_ambiental-111x150.jpg 111w\" sizes=\"auto, (max-width: 264px) 100vw, 264px\" \/><\/a>Os crist\u00e3os deveriam se importar com o meio ambiente? \u00c0s vezes, os crist\u00e3os relutam em levar as quest\u00f5es ambientais a s\u00e9rio. Em alguns casos, isto ocorre porque n\u00e3o compreendemos as quest\u00f5es ambientais do ponto de vista de Deus. Isto significa compreender os prop\u00f3sitos de Deus para a cria\u00e7\u00e3o, desde o princ\u00edpio, atualmente e para o futuro. N\u00e3o devemos nos esquecer de que fazemos parte da cria\u00e7\u00e3o de Deus. Jesus morreu e ressuscitou n\u00e3o apenas para nos reconciliar com Deus, mas para reconciliar o resto da cria\u00e7\u00e3o com Ele tamb\u00e9m. Por este motivo, o nosso minist\u00e9rio para o meio ambiente deve ser levado a s\u00e9rio.<\/p>\n<p>Vejamos o que a B\u00edblia nos mostra sobre o que Deus pensa sobre o meio ambiente e qual deve ser a nossa resposta.<\/p>\n<p>Os seres humanos fazem parte da cria\u00e7\u00e3o, por\u00e9m, o nosso papel \u00e9 \u00fanico.<!--more--><\/p>\n<p>Leia G\u00eanesis 1:26-28<br \/>\nO que h\u00e1 de especial na cria\u00e7\u00e3o dos seres humanos por Deus em compara\u00e7\u00e3o com o resto da sua cria\u00e7\u00e3o?<br \/>\nQue responsabilidade Deus d\u00e1 aos seres humanos, tanto aos homens quanto \u00e0s mulheres?<\/p>\n<p>Dependendo da tradu\u00e7\u00e3o da B\u00edblia, estes vers\u00edculos usam ordens como governar, subjugar e dominar. Deus d\u00e1 aos seres humanos a autoridade para cuidar da sua cria\u00e7\u00e3o:<\/p>\n<p>\u2022 Leia G\u00eanesis 2:4-9, 15 Como Deus criou o primeiro ser humano? Qual \u00e9 a inten\u00e7\u00e3o de Deus para os seres humanos? Em hebraico, a palavra para homem \u00e9 adam, e a palavra para solo \u00e9 adamah, o que mostra a nossa conex\u00e3o com a Terra. De que maneira a compreens\u00e3o da nossa conex\u00e3o com o mundo \u00e0 nossa volta influencia o modo como o tratamos?<\/p>\n<p>\u2022 Leia Salmos 24:1 A ordem de Deus, de que governemos sua cria\u00e7\u00e3o, significa que devemos govern\u00e1-la isoladamente dele? Quem \u00e9 o principal encarregado? Se come\u00e7armos a ver a cria\u00e7\u00e3o como pertencente a Deus e n\u00e3o a n\u00f3s, de que maneira diferente talvez passemos a trat\u00e1-la?<\/p>\n<p>\u2022 Em G\u00eanesis 2:15, Deus explica sua ordem. Diferentes tradu\u00e7\u00f5es da B\u00edblia usam palavras como trabalhar, servir, manter, cuidar, guardar e cultivar. De que maneira este vers\u00edculo pode ser usado para confrontar a ideia do dom\u00ednio ego\u00edsta? Pense sobre Filipenses 2:5-7<\/p>\n<p>\u2022 Como somos feitos \u00e0 imagem de Deus, o nosso dom\u00ednio deve ter como modelo o dom\u00ednio de Deus e deve espelhar-se no seu car\u00e1ter.<\/p>\n<p>\u2022 Como seres humanos, temos autoridade real sobre o resto da cria\u00e7\u00e3o, mas devemos exerc\u00ea-la como servidores do nosso Deus criador e da Terra e de suas criaturas, as quais nos foram dadas por Deus para que as govern\u00e1ssemos.<\/p>\n<p>\u2022 J\u00e1 vimos como Deus ama a sua cria\u00e7\u00e3o, como Ele a aprecia e como se importa com ela. Se amamos a Deus, devemos querer ser como Ele e devemos nos importar com as coisas com as quais Ele se importa.<\/p>\n<p>Temos a atitude certa com o nosso papel na Terra como seres humanos em rela\u00e7\u00e3o \u00e0 cria\u00e7\u00e3o de Deus?<\/p>\n<p>Nossas pr\u00e1ticas refletem esta atitude? O que podemos fazer para levarmos mais a s\u00e9rio a ordem de Deus, de que cuidemos da sua cria\u00e7\u00e3o?<\/p>\n<p>Como podemos responder a algu\u00e9m que acha que tem o direito de explorar de forma ego\u00edsta os recursos da Terra?<\/p>\n<p>Pense sobre \u00e1reas em que as pessoas podem n\u00e3o estar cientes de que n\u00e3o est\u00e3o cuidando da cria\u00e7\u00e3o. Como podemos conscientiz\u00e1-las?<\/p>\n<p>* Estudo B\u00edblico retirado do Manual ROOTS 13 \u201cSustentabilidade ambiental\u201d, do <a href=\"http:\/\/tearfundbrasil.org\/recursos\/\">espa\u00e7o de recursos<\/a> da Tearfund. <a href=\"http:\/\/tilz.tearfund.org\/pt-pt\/resources\/publications\/roots\/environmental_sustainability\/\">Clique aqui<\/a> e acesse o material na \u00edntegra.<\/p>\n","protected":false},"excerpt":{"rendered":"<p>Os crist\u00e3os deveriam se importar com o meio ambiente? \u00c0s vezes, os crist\u00e3os relutam em levar as quest\u00f5es ambientais a s\u00e9rio. Em alguns casos, isto ocorre porque n\u00e3o compreendemos as quest\u00f5es ambientais do ponto de vista de Deus. Isto significa compreender os prop\u00f3sitos de Deus para a cria\u00e7\u00e3o, desde o princ\u00edpio, atualmente e para o [&hellip;]<\/p>\n","protected":false},"author":2,"featured_media":0,"comment_status":"open","ping_status":"open","sticky":false,"template":"","format":"standard","meta":{"ngg_post_thumbnail":0,"footnotes":""},"categories":[14],"tags":[26,23181,23182,37],"class_list":["post-4437","post","type-post","status-publish","format-standard","hentry","category-recursos","tag-missao-integral","tag-roots","tag-sustentabilidade-ambiental","tag-tearfund"],"_links":{"self":[{"href":"https:\/\/ultimato.com.br\/sites\/paralelo10\/wp-json\/wp\/v2\/posts\/4437","targetHints":{"allow":["GET"]}}],"collection":[{"href":"https:\/\/ultimato.com.br\/sites\/paralelo10\/wp-json\/wp\/v2\/posts"}],"about":[{"href":"https:\/\/ultimato.com.br\/sites\/paralelo10\/wp-json\/wp\/v2\/types\/post"}],"author":[{"embeddable":true,"href":"https:\/\/ultimato.com.br\/sites\/paralelo10\/wp-json\/wp\/v2\/users\/2"}],"replies":[{"embeddable":true,"href":"https:\/\/ultimato.com.br\/sites\/paralelo10\/wp-json\/wp\/v2\/comments?post=4437"}],"version-history":[{"count":3,"href":"https:\/\/ultimato.com.br\/sites\/paralelo10\/wp-json\/wp\/v2\/posts\/4437\/revisions"}],"predecessor-version":[{"id":4441,"href":"https:\/\/ultimato.com.br\/sites\/paralelo10\/wp-json\/wp\/v2\/posts\/4437\/revisions\/4441"}],"wp:attachment":[{"href":"https:\/\/ultimato.com.br\/sites\/paralelo10\/wp-json\/wp\/v2\/media?parent=4437"}],"wp:term":[{"taxonomy":"category","embeddable":true,"href":"https:\/\/ultimato.com.br\/sites\/paralelo10\/wp-json\/wp\/v2\/categories?post=4437"},{"taxonomy":"post_tag","embeddable":true,"href":"https:\/\/ultimato.com.br\/sites\/paralelo10\/wp-json\/wp\/v2\/tags?post=4437"}],"curies":[{"name":"wp","href":"https:\/\/api.w.org\/{rel}","templated":true}]}}