{"id":4337,"date":"2015-06-08T10:00:31","date_gmt":"2015-06-08T13:00:31","guid":{"rendered":"http:\/\/ultimato.com.br\/sites\/paralelo10\/?p=4337"},"modified":"2015-06-05T11:29:59","modified_gmt":"2015-06-05T14:29:59","slug":"a-escola-biblica-a-crianca-e-o-velho-livro","status":"publish","type":"post","link":"https:\/\/ultimato.com.br\/sites\/paralelo10\/2015\/06\/a-escola-biblica-a-crianca-e-o-velho-livro\/","title":{"rendered":"A escola b\u00edblica, a crian\u00e7a e o velho livro"},"content":{"rendered":"<p><a href=\"http:\/\/ultimato.com.br\/sites\/paralelo10\/files\/2015\/06\/P10_08_06_15_velho_livro.jpg\" class=\"lightview\" data-lightview-group=\"group-4337\" data-lightview-options=\"skin: 'dark', controls: 'relative', padding: '10', shadow: { color: '#000000', opacity: 0.08, blur: 3 }\"><img loading=\"lazy\" decoding=\"async\" class=\"alignright size-full wp-image-4338\" src=\"http:\/\/ultimato.com.br\/sites\/paralelo10\/files\/2015\/06\/P10_08_06_15_velho_livro.jpg\" alt=\"P10_08_06_15_velho_livro\" width=\"353\" height=\"353\" srcset=\"https:\/\/ultimato.com.br\/sites\/paralelo10\/files\/2015\/06\/P10_08_06_15_velho_livro.jpg 353w, https:\/\/ultimato.com.br\/sites\/paralelo10\/files\/2015\/06\/P10_08_06_15_velho_livro-150x150.jpg 150w, https:\/\/ultimato.com.br\/sites\/paralelo10\/files\/2015\/06\/P10_08_06_15_velho_livro-300x300.jpg 300w, https:\/\/ultimato.com.br\/sites\/paralelo10\/files\/2015\/06\/P10_08_06_15_velho_livro-80x80.jpg 80w\" sizes=\"auto, (max-width: 353px) 100vw, 353px\" \/><\/a>Por que, em 1855, Sarah Kalley iniciou a Escola Dominical com crian\u00e7as no Brasil? Esta pergunta nos leva a outras duas: Ainda hoje, \u00e9 poss\u00edvel de novo iniciar com crian\u00e7as? Escola Dominical \u00e9 poss\u00edvel ainda hoje?<\/p>\n<p>Ap\u00f3s 129 anos do casal Kalley, Nelson e Josilene Rosa iniciaram uma escola dominical com crian\u00e7as em sua casa no bairro do Bosque, em Rio Branco, capital do Acre. Posteriormente, quando se mudaram para o Conjunto Tancredo Neves, uma ocupa\u00e7\u00e3o de terras na sa\u00edda para Porto Acre, continuaram com crian\u00e7as. Tamb\u00e9m iniciaram uma congrega\u00e7\u00e3o com crian\u00e7as no bairro Esta\u00e7\u00e3o Experimental, onde hoje est\u00e1 a 2\u00aa Igreja Congregacional, organizada em 1998.<\/p>\n<p>Quando cheguei ao Acre em 1995, 11 anos depois deles, realizei pelo menos 5 casamentos de pessoas, que foram alcan\u00e7adas quando crian\u00e7as pelo casal Rosa, e est\u00e3o firmes na igreja at\u00e9 hoje, inclusive criando seus filhos no Evangelho. Atualmente o casal Rosa est\u00e1 atuando numa Congrega\u00e7\u00e3o no bairro Ilson Ribeiro, predominantemente constitu\u00edda por crian\u00e7as.<\/p>\n<p>Hoje, dirijo uma congrega\u00e7\u00e3o no bairro Manoel Juli\u00e3o, situado no munic\u00edpio de Senador Guiomard, a 30 km de Rio Branco. Com o intuito de alcan\u00e7ar crian\u00e7as da regi\u00e3o, adquirimos uma ch\u00e1cara para desenvolver o Projeto Ch\u00e1cara \u201cJesus, o Bom Pastor\u201d.<\/p>\n<p>Todos consideram que escola \u00e9 uma necessidade. E que, se escola necessita de mudan\u00e7as que possam adequ\u00e1-la aos novos tempos, talvez seja uma boa ideia iniciar mudan\u00e7as a partir das necessidades das crian\u00e7as. Se elas est\u00e3o no come\u00e7o de seu desenvolvimento como pessoas, vale a pena pensar numa escola nova e diferente, que considere a percep\u00e7\u00e3o e as necessidades dos pequeninos.<\/p>\n<p>\u00c9 importante buscar entender quais s\u00e3o essas necessidades. Jesus disse que n\u00e3o devemos embara\u00e7ar o caminho dos pequeninos, mas conduzi-los a ele: &#8220;Deixai vir a mim os pequeninos&#8221;. Quando falou isso aos disc\u00edpulos, o que teria Jesus para dizer \u00e0s crian\u00e7as? E n\u00f3s, o que temos a falar para as crian\u00e7as?<\/p>\n<p>As crian\u00e7as s\u00e3o alvos de alguns problemas que chegam as elas cada vez mais cedo. Prostitui\u00e7\u00e3o, drogas, abusos, trabalho infantil, criminalidade, etc. A Igreja precisa est\u00e1 sens\u00edvel a esses problemas e buscar dar uma resposta.<\/p>\n<p>As igrejas evang\u00e9licas, devedoras do minist\u00e9rio de Sarah Kalley, no que se refere \u00e0 escola b\u00edblica, precisam refletir sobre a escolha feita h\u00e1 160 anos por essa mulher: iniciar escolas b\u00edblicas, com e para crian\u00e7as. Mas, para que mesmo? Que tal ensinar a B\u00edblia, utilizando a intelig\u00eancia da sugest\u00e3o de Jesus e pensar em recursos que satisfa\u00e7am a percep\u00e7\u00e3o dos pequeninos, conduzindo-os ao Mestre, sem embara\u00e7ar o caminho deles?<\/p>\n<p>Sarah Kalley, uma mulher que fez uma boa e atual escolha: resgatar os pequeninos ensinando a B\u00edblia; um velho Livro. &#8220;Conta-me a velha hist\u00f3ria do grande Salvador. De Cristo e Sua vida. De Cristo e seu amor&#8221;. O velho livro cheio de recursos novos e atuais, que podem satisfazer uma velha necessidade humana.<\/p>\n<p>Por <strong>Cid Mauro Oliveira<\/strong>. Acompanhe seu <a href=\"http:\/\/cidmauro.blogspot.com.br\/\">blog pessoal<\/a>.<\/p>\n","protected":false},"excerpt":{"rendered":"<p>Por que, em 1855, Sarah Kalley iniciou a Escola Dominical com crian\u00e7as no Brasil? Esta pergunta nos leva a outras duas: Ainda hoje, \u00e9 poss\u00edvel de novo iniciar com crian\u00e7as? Escola Dominical \u00e9 poss\u00edvel ainda hoje? Ap\u00f3s 129 anos do casal Kalley, Nelson e Josilene Rosa iniciaram uma escola dominical com crian\u00e7as em sua casa [&hellip;]<\/p>\n","protected":false},"author":2,"featured_media":0,"comment_status":"open","ping_status":"open","sticky":false,"template":"","format":"standard","meta":{"ngg_post_thumbnail":0,"footnotes":""},"categories":[32],"tags":[23139,61,23157,23158],"class_list":["post-4337","post","type-post","status-publish","format-standard","hentry","category-reflexoes","tag-acre","tag-crianca","tag-escola-biblica","tag-rio-branco"],"_links":{"self":[{"href":"https:\/\/ultimato.com.br\/sites\/paralelo10\/wp-json\/wp\/v2\/posts\/4337","targetHints":{"allow":["GET"]}}],"collection":[{"href":"https:\/\/ultimato.com.br\/sites\/paralelo10\/wp-json\/wp\/v2\/posts"}],"about":[{"href":"https:\/\/ultimato.com.br\/sites\/paralelo10\/wp-json\/wp\/v2\/types\/post"}],"author":[{"embeddable":true,"href":"https:\/\/ultimato.com.br\/sites\/paralelo10\/wp-json\/wp\/v2\/users\/2"}],"replies":[{"embeddable":true,"href":"https:\/\/ultimato.com.br\/sites\/paralelo10\/wp-json\/wp\/v2\/comments?post=4337"}],"version-history":[{"count":1,"href":"https:\/\/ultimato.com.br\/sites\/paralelo10\/wp-json\/wp\/v2\/posts\/4337\/revisions"}],"predecessor-version":[{"id":4339,"href":"https:\/\/ultimato.com.br\/sites\/paralelo10\/wp-json\/wp\/v2\/posts\/4337\/revisions\/4339"}],"wp:attachment":[{"href":"https:\/\/ultimato.com.br\/sites\/paralelo10\/wp-json\/wp\/v2\/media?parent=4337"}],"wp:term":[{"taxonomy":"category","embeddable":true,"href":"https:\/\/ultimato.com.br\/sites\/paralelo10\/wp-json\/wp\/v2\/categories?post=4337"},{"taxonomy":"post_tag","embeddable":true,"href":"https:\/\/ultimato.com.br\/sites\/paralelo10\/wp-json\/wp\/v2\/tags?post=4337"}],"curies":[{"name":"wp","href":"https:\/\/api.w.org\/{rel}","templated":true}]}}