{"id":4284,"date":"2015-05-25T10:20:06","date_gmt":"2015-05-25T13:20:06","guid":{"rendered":"http:\/\/ultimato.com.br\/sites\/paralelo10\/?p=4284"},"modified":"2015-05-26T10:36:42","modified_gmt":"2015-05-26T13:36:42","slug":"a-igreja-evangelica-indigena-em-movimento","status":"publish","type":"post","link":"https:\/\/ultimato.com.br\/sites\/paralelo10\/2015\/05\/a-igreja-evangelica-indigena-em-movimento\/","title":{"rendered":"A Igreja Evang\u00e9lica Ind\u00edgena em movimento"},"content":{"rendered":"<p><a href=\"http:\/\/ultimato.com.br\/sites\/paralelo10\/files\/2015\/05\/P10_25_05_15_Conplei1.jpg\" class=\"lightview\" data-lightview-group=\"group-4284\" data-lightview-options=\"skin: 'dark', controls: 'relative', padding: '10', shadow: { color: '#000000', opacity: 0.08, blur: 3 }\"><img loading=\"lazy\" decoding=\"async\" class=\"aligncenter size-full wp-image-4290\" src=\"http:\/\/ultimato.com.br\/sites\/paralelo10\/files\/2015\/05\/P10_25_05_15_Conplei1.jpg\" alt=\"P10_25_05_15_Conplei1\" width=\"603\" height=\"218\" srcset=\"https:\/\/ultimato.com.br\/sites\/paralelo10\/files\/2015\/05\/P10_25_05_15_Conplei1.jpg 603w, https:\/\/ultimato.com.br\/sites\/paralelo10\/files\/2015\/05\/P10_25_05_15_Conplei1-300x108.jpg 300w, https:\/\/ultimato.com.br\/sites\/paralelo10\/files\/2015\/05\/P10_25_05_15_Conplei1-150x54.jpg 150w\" sizes=\"auto, (max-width: 603px) 100vw, 603px\" \/><\/a><\/p>\n<p>A igreja ind\u00edgena nas regi\u00f5es Norte e Nordeste do Brasil est\u00e1 em pleno movimento. O Conselho Nacional de Pastores e L\u00edderes Evang\u00e9licos Ind\u00edgenas (CONPLEI) tem realizado diversas atividades para aproximar a lideran\u00e7a ind\u00edgena evang\u00e9lica. No per\u00edodo de 9 a 12 de abril, por exemplo, aconteceu em Santar\u00e9m, Par\u00e1, o encontro Regional do CONPLEI, que reuniu cerca de 250 pessoas de 16 etnias diferentes. Segundo a coordena\u00e7\u00e3o, foi um momento de muita dan\u00e7a, m\u00fasica e express\u00e3o do amor de Deus. Veja <a href=\"http:\/\/www.conplei.org.br\/v2\/index.php?option=com_content&amp;view=article&amp;id=37&amp;Itemid=58\">aqui<\/a> o relat\u00f3rio do CONPLEI Regional em Santar\u00e9m.<\/p>\n<p>Confira a seguir informa\u00e7\u00f5es sobre dois eventos principais do CONPLEI para este ano:<!--more--><\/p>\n<p>&nbsp;<\/p>\n<p><strong>II Congresso Regional do CONPLEI <\/strong><\/p>\n<p>Ser\u00e1 realizado no per\u00edodo de 4 a 7 de junho no Acampamento Vit\u00f3ria Imperatriz, em Matopa, Maranh\u00e3o. O objetivo \u00e9 reunir cerca de 800 ind\u00edgenas, de 15 etnias diferentes, representantes das igrejas do Maranh\u00e3o, Tocantins e Par\u00e1, e assim promover o interc\u00e2mbio entre igrejas ind\u00edgenas e as demais igrejas da regi\u00e3o.<\/p>\n<p>Entre os principais temas que encontro regional pretende tratar, est\u00e3o: Igrejas genuinamente ind\u00edgenas e seus desafios; a interculturalidade e contextualiza\u00e7\u00e3o da mensagem; treinamento, lideran\u00e7a e fortalecimento da Igreja Ind\u00edgena; o uso das escrituras na l\u00edngua ind\u00edgena; fam\u00edlia como o projeto de Deus em todas as culturas; entre outros.<\/p>\n<p>Para mais informa\u00e7\u00f5es sobre as inscri\u00e7\u00f5es, entre em contato no e-mail <a href=\"mailto:conpleimatopa2015@hotmail.com\">conpleimatopa2015@hotmail.com<\/a><\/p>\n<p>&nbsp;<\/p>\n<p><strong>III Congresso da Juventude Ind\u00edgena<\/strong><\/p>\n<p>O Conplei Jovem 2015 vai acontecer entre os dias 12 e 15 de novembro na aldeia Terena, em Miranda, Mato Grosso do Sul. Neste ano, a organiza\u00e7\u00e3o espera que cerca 1300 jovens participem do evento.<\/p>\n<p>De acordo com o pastor Ricardo Poquiviqui, \u00edndio terena e membro do CONPLEI, o prop\u00f3sito do encontro \u00e9 promover reflex\u00e3o sobre uma teologia de miss\u00f5es adaptada \u00e0 complexidade cultural e a realidade ind\u00edgena, al\u00e9m de servir para capacita\u00e7\u00e3o de jovens evang\u00e9licos ind\u00edgenas para a tarefa mission\u00e1ria. Para ele, o congresso \u00e9 importante por causa da troca de experi\u00eancia, conhecimentos, culturas, dan\u00e7as, m\u00fasicas e diversas express\u00f5es vividas nas aldeias e etnias de cada povo.<\/p>\n<p>O pastor Ricardo diz que o jovem ind\u00edgena de hoje \u00e9 um marco entre gera\u00e7\u00f5es, pois preserva a cultura dos pais e ao mesmo tempo pode usufruir muitas novidades por meio do uso de novas tecnologias como celulares, aparelhos eletr\u00f4nicos, internet e redes sociais, etc. \u201c\u00c9 nesse contexto que precisamos despertar o interesse e a voca\u00e7\u00e3o mission\u00e1ria da juventude ind\u00edgena, bem como todo o seu potencial para suprimento de pessoas capacitadas ao campo mission\u00e1rio\u201d, destaca Ricardo.<\/p>\n<p>&nbsp;<\/p>\n<p><strong>Servi\u00e7o<\/strong>:<\/p>\n<p><strong>II Congresso Regional do CONPLEI<\/strong><br \/>\nLocal: Acampamento Vit\u00f3ria Imperatriz, Matopa, Maranh\u00e3o.<br \/>\nData: 4 a 7 de junho de 2015.<br \/>\nInscri\u00e7\u00f5es: <a href=\"mailto:conpleimatopa2015@hotmail.com\">conpleimatopa2015@hotmail.com<\/a>.<\/p>\n<p><strong>III Congresso da Juventude Ind\u00edgena<\/strong><br \/>\nLocal: Aldeia Terena, Miranda, Mato Grosso do Sul.<br \/>\nData: 12 a 15 de novembro.<\/p>\n","protected":false},"excerpt":{"rendered":"<p>A igreja ind\u00edgena nas regi\u00f5es Norte e Nordeste do Brasil est\u00e1 em pleno movimento. O Conselho Nacional de Pastores e L\u00edderes Evang\u00e9licos Ind\u00edgenas (CONPLEI) tem realizado diversas atividades para aproximar a lideran\u00e7a ind\u00edgena evang\u00e9lica. No per\u00edodo de 9 a 12 de abril, por exemplo, aconteceu em Santar\u00e9m, Par\u00e1, o encontro Regional do CONPLEI, que reuniu [&hellip;]<\/p>\n","protected":false},"author":2,"featured_media":0,"comment_status":"open","ping_status":"open","sticky":false,"template":"","format":"standard","meta":{"ngg_post_thumbnail":0,"footnotes":""},"categories":[1,6],"tags":[23207,12,19271],"class_list":["post-4284","post","type-post","status-publish","format-standard","hentry","category-uncategorized","category-bom-tempero","tag-uncategorized","tag-indigenas","tag-missoes-indigenas"],"_links":{"self":[{"href":"https:\/\/ultimato.com.br\/sites\/paralelo10\/wp-json\/wp\/v2\/posts\/4284","targetHints":{"allow":["GET"]}}],"collection":[{"href":"https:\/\/ultimato.com.br\/sites\/paralelo10\/wp-json\/wp\/v2\/posts"}],"about":[{"href":"https:\/\/ultimato.com.br\/sites\/paralelo10\/wp-json\/wp\/v2\/types\/post"}],"author":[{"embeddable":true,"href":"https:\/\/ultimato.com.br\/sites\/paralelo10\/wp-json\/wp\/v2\/users\/2"}],"replies":[{"embeddable":true,"href":"https:\/\/ultimato.com.br\/sites\/paralelo10\/wp-json\/wp\/v2\/comments?post=4284"}],"version-history":[{"count":4,"href":"https:\/\/ultimato.com.br\/sites\/paralelo10\/wp-json\/wp\/v2\/posts\/4284\/revisions"}],"predecessor-version":[{"id":4291,"href":"https:\/\/ultimato.com.br\/sites\/paralelo10\/wp-json\/wp\/v2\/posts\/4284\/revisions\/4291"}],"wp:attachment":[{"href":"https:\/\/ultimato.com.br\/sites\/paralelo10\/wp-json\/wp\/v2\/media?parent=4284"}],"wp:term":[{"taxonomy":"category","embeddable":true,"href":"https:\/\/ultimato.com.br\/sites\/paralelo10\/wp-json\/wp\/v2\/categories?post=4284"},{"taxonomy":"post_tag","embeddable":true,"href":"https:\/\/ultimato.com.br\/sites\/paralelo10\/wp-json\/wp\/v2\/tags?post=4284"}],"curies":[{"name":"wp","href":"https:\/\/api.w.org\/{rel}","templated":true}]}}