{"id":4274,"date":"2015-05-20T09:35:42","date_gmt":"2015-05-20T12:35:42","guid":{"rendered":"http:\/\/ultimato.com.br\/sites\/paralelo10\/?p=4274"},"modified":"2015-05-20T09:37:11","modified_gmt":"2015-05-20T12:37:11","slug":"capacitar-2015-oferece-treinamento-antropologico-para-missionarios","status":"publish","type":"post","link":"https:\/\/ultimato.com.br\/sites\/paralelo10\/2015\/05\/capacitar-2015-oferece-treinamento-antropologico-para-missionarios\/","title":{"rendered":"Treinamento intensivo sobre plantio de igrejas, antropologia e aprendizagem de l\u00ednguas"},"content":{"rendered":"<p><a href=\"http:\/\/ultimato.com.br\/sites\/paralelo10\/files\/2015\/05\/P10_20_05_15_Capacitar2015.jpg\" class=\"lightview\" data-lightview-group=\"group-4274\" data-lightview-options=\"skin: 'dark', controls: 'relative', padding: '10', shadow: { color: '#000000', opacity: 0.08, blur: 3 }\"><img loading=\"lazy\" decoding=\"async\" class=\" size-full wp-image-4275 aligncenter\" src=\"http:\/\/ultimato.com.br\/sites\/paralelo10\/files\/2015\/05\/P10_20_05_15_Capacitar2015.jpg\" alt=\"P10_20_05_15_Capacitar2015\" width=\"508\" height=\"279\" srcset=\"https:\/\/ultimato.com.br\/sites\/paralelo10\/files\/2015\/05\/P10_20_05_15_Capacitar2015.jpg 508w, https:\/\/ultimato.com.br\/sites\/paralelo10\/files\/2015\/05\/P10_20_05_15_Capacitar2015-300x165.jpg 300w, https:\/\/ultimato.com.br\/sites\/paralelo10\/files\/2015\/05\/P10_20_05_15_Capacitar2015-150x82.jpg 150w\" sizes=\"auto, (max-width: 508px) 100vw, 508px\" \/><\/a><br \/>\nSer\u00e1 realizado no per\u00edodo de 2 a 7 de agosto deste ano, em Jo\u00e3o Pessoa (PB), o <a href=\"http:\/\/www.capacitar.org.br\/\">Capacitar 2015<\/a>. O treinamento visa servir a comunidade mission\u00e1ria brasileira, oferecendo capacita\u00e7\u00e3o nas \u00e1reas de Antropologia Cultural, Plantio de Igrejas e Aquisi\u00e7\u00e3o de L\u00ednguas. O p\u00fablico alvo do encontro s\u00e3o mission\u00e1rios, l\u00edderes de miss\u00f5es, seminaristas e vocacionados para a obra mission\u00e1ria.<\/p>\n<p>Em 2005, Ronaldo Lid\u00f3rio ministrou pela primeira vez no Brasil uma capacita\u00e7\u00e3o antropol\u00f3gica baseada no \u201cM\u00e9todo Antropos\u201d, uma metodologia de mapeamento cultural com foco na comunica\u00e7\u00e3o transcultural do Evangelho. O \u201cM\u00e9todo Antropos\u201d foi desenvolvido pelo pr\u00f3prio Ronaldo que \u00e9 doutor em Antropologia pela Royal London University e atuou como mission\u00e1rio por 9 anos como plantador de igrejas e tradutor do Novo Testamento entre o povo Konkomba-Bimonkpeln, no noroeste africano. Foi a partir deste m\u00e9todo desenvolvido pelo mission\u00e1rio e ministrado anualmente em diferentes regi\u00f5es do pa\u00eds que nasceu o Capacitar.<!--more--><\/p>\n<p>De acordo com Cassiano Luz, um dos coordenadores do evento, o Capacitar visa suprir a defici\u00eancia de forma\u00e7\u00e3o antropol\u00f3gica do movimento mission\u00e1rio brasileiro, baseada no trip\u00e9 da pr\u00e1tica mission\u00e1ria transcultural, formado pela \u201cMissiologia\/Teologia\u201d, \u201cLingu\u00edstica\u201d e \u201cAntropologia\u201d. Para isso, a capacita\u00e7\u00e3o oferece os cursos de Antropologia Intercultural, Plantio de Igrejas e Introdu\u00e7\u00e3o \u00e0 lingu\u00edstica e Aquisi\u00e7\u00e3o de l\u00ednguas. A equipe de professores \u00e9 integrada por Ronaldo Lid\u00f3rio, C\u00e1cio Silva, Andr\u00e9 Souza, Carlos Carvalho, Cassiano Luz e Paulo Bottrel.<\/p>\n<p>Para Cassiano, que trabalhou no campo mission\u00e1rio durante cerca de 8 anos com o povo Yanomami, a capacita\u00e7\u00e3o \u00e9 fundamental e indispens\u00e1vel para qualquer pessoa que pretenda comunicar o evangelho em contexto transcultural. \u201cH\u00e1 dezenas de casos no mundo todo onde o m\u00e9todo foi aplicado e mudou os rumos da atua\u00e7\u00e3o mission\u00e1ria\u201d, afirmou.<\/p>\n<p>Durante o evento, os participantes ter\u00e3o um espa\u00e7o para atendimento pastoral e vocacional com uma equipe especializada em orienta\u00e7\u00e3o vocacional, cuidado pastoral e psicol\u00f3gico. Integram esta equipe Iraquitan Bezerra, Roberto L\u00facio, Carlos Henrique, Henrique e Corina Terena, Rossana Lid\u00f3rio, Ran\u00fazia In\u00e1cio e Fl\u00e1via Bottrel.<\/p>\n<p><strong>Servi\u00e7o:<br \/>\n<\/strong><a href=\"http:\/\/www.capacitar.org.br\/\">Capacitar 2015<\/a>.<br \/>\nData: 2 a 7 de agosto de 2015.<br \/>\nLocal: Primeira Igreja Presbiteriana de Jo\u00e3o Pessoa, PB.<br \/>\n<a href=\"http:\/\/www.capacitar.org.br\/index.php\/inscricao\">Inscreva-se<\/a><\/p>\n","protected":false},"excerpt":{"rendered":"<p>Ser\u00e1 realizado no per\u00edodo de 2 a 7 de agosto deste ano, em Jo\u00e3o Pessoa (PB), o Capacitar 2015. O treinamento visa servir a comunidade mission\u00e1ria brasileira, oferecendo capacita\u00e7\u00e3o nas \u00e1reas de Antropologia Cultural, Plantio de Igrejas e Aquisi\u00e7\u00e3o de L\u00ednguas. O p\u00fablico alvo do encontro s\u00e3o mission\u00e1rios, l\u00edderes de miss\u00f5es, seminaristas e vocacionados para [&hellip;]<\/p>\n","protected":false},"author":2,"featured_media":0,"comment_status":"open","ping_status":"open","sticky":false,"template":"","format":"standard","meta":{"ngg_post_thumbnail":0,"footnotes":""},"categories":[1,19290],"tags":[179,11064,23152,80],"class_list":["post-4274","post","type-post","status-publish","format-standard","hentry","category-uncategorized","category-capacitando","tag-antropologia","tag-capacitacao","tag-capacitar2015","tag-missoes"],"_links":{"self":[{"href":"https:\/\/ultimato.com.br\/sites\/paralelo10\/wp-json\/wp\/v2\/posts\/4274","targetHints":{"allow":["GET"]}}],"collection":[{"href":"https:\/\/ultimato.com.br\/sites\/paralelo10\/wp-json\/wp\/v2\/posts"}],"about":[{"href":"https:\/\/ultimato.com.br\/sites\/paralelo10\/wp-json\/wp\/v2\/types\/post"}],"author":[{"embeddable":true,"href":"https:\/\/ultimato.com.br\/sites\/paralelo10\/wp-json\/wp\/v2\/users\/2"}],"replies":[{"embeddable":true,"href":"https:\/\/ultimato.com.br\/sites\/paralelo10\/wp-json\/wp\/v2\/comments?post=4274"}],"version-history":[{"count":6,"href":"https:\/\/ultimato.com.br\/sites\/paralelo10\/wp-json\/wp\/v2\/posts\/4274\/revisions"}],"predecessor-version":[{"id":4283,"href":"https:\/\/ultimato.com.br\/sites\/paralelo10\/wp-json\/wp\/v2\/posts\/4274\/revisions\/4283"}],"wp:attachment":[{"href":"https:\/\/ultimato.com.br\/sites\/paralelo10\/wp-json\/wp\/v2\/media?parent=4274"}],"wp:term":[{"taxonomy":"category","embeddable":true,"href":"https:\/\/ultimato.com.br\/sites\/paralelo10\/wp-json\/wp\/v2\/categories?post=4274"},{"taxonomy":"post_tag","embeddable":true,"href":"https:\/\/ultimato.com.br\/sites\/paralelo10\/wp-json\/wp\/v2\/tags?post=4274"}],"curies":[{"name":"wp","href":"https:\/\/api.w.org\/{rel}","templated":true}]}}