{"id":4264,"date":"2015-05-18T11:23:44","date_gmt":"2015-05-18T14:23:44","guid":{"rendered":"http:\/\/ultimato.com.br\/sites\/paralelo10\/?p=4264"},"modified":"2015-05-18T11:37:00","modified_gmt":"2015-05-18T14:37:00","slug":"espalhando-sementes","status":"publish","type":"post","link":"https:\/\/ultimato.com.br\/sites\/paralelo10\/2015\/05\/espalhando-sementes\/","title":{"rendered":"Espalhando sementes"},"content":{"rendered":"<p><em><a href=\"http:\/\/ultimato.com.br\/sites\/paralelo10\/files\/2015\/05\/P10_18_05_15_Espalhando_sementes.jpg\" class=\"lightview\" data-lightview-group=\"group-4264\" data-lightview-options=\"skin: 'dark', controls: 'relative', padding: '10', shadow: { color: '#000000', opacity: 0.08, blur: 3 }\"><img loading=\"lazy\" decoding=\"async\" class=\"alignright size-medium wp-image-4267\" src=\"http:\/\/ultimato.com.br\/sites\/paralelo10\/files\/2015\/05\/P10_18_05_15_Espalhando_sementes-200x300.jpg\" alt=\"P10_18_05_15_Espalhando_sementes\" width=\"200\" height=\"300\" srcset=\"https:\/\/ultimato.com.br\/sites\/paralelo10\/files\/2015\/05\/P10_18_05_15_Espalhando_sementes-200x300.jpg 200w, https:\/\/ultimato.com.br\/sites\/paralelo10\/files\/2015\/05\/P10_18_05_15_Espalhando_sementes-100x150.jpg 100w, https:\/\/ultimato.com.br\/sites\/paralelo10\/files\/2015\/05\/P10_18_05_15_Espalhando_sementes.jpg 300w\" sizes=\"auto, (max-width: 200px) 100vw, 200px\" \/><\/a>Por Phelipe Marques<\/em><\/p>\n<p>Quando eu soube da exist\u00eancia do projeto <strong>Paralelo 10<\/strong> e da possibilidade de ser um representante em Parintins (AM), n\u00e3o perdi tempo. Enviei um e-mail para a Editora Ultimato e fiz tudo que era necess\u00e1rio para participar do projeto, afinal, seria uma \u00f3tima oportunidade de conhecer mais sobre a Miss\u00e3o Integral da Igreja e compartilhar isso com outros.<\/p>\n<p>A expectativa foi aumentando. A correspond\u00eancias da Ultimato demoravam chegar. \u00c9 que l\u00e1, a entrega dos Correios precisa ser feita via transporte fluvial. Eu queria folhear as p\u00e1ginas uma a uma e ler cada reflex\u00e3o dos colaboradores da revista. Esta cena se repetia a cada dois meses.<\/p>\n<p>Como o prop\u00f3sito era espalhar o conte\u00fado entre outros irm\u00e3os, tentei criar um grupo de crist\u00e3os na universidade, afinal, o ambiente acad\u00eamico me parecia prop\u00edcio para a leitura e o di\u00e1logo, conectando a B\u00edblia com os temas em pauta na sociedade. Que decep\u00e7\u00e3o! Ap\u00f3s conversar, apresentar a revista para umas dez pessoas e convid\u00e1-las para formar um grupo de di\u00e1logo ningu\u00e9m apareceu no dia marcado para o encontro.<!--more--><\/p>\n<p>Minha segunda tentativa foi em um pequeno grupo de discipulado j\u00e1 estabelecido. Dei ao l\u00edder a ideia de usarmos algum texto da revista em um dos encontros semanais do grupo. Ele achou uma \u00f3tima sugest\u00e3o. Levou a proposta para o grupo e todos tamb\u00e9m concordaram. Ent\u00e3o distribu\u00ed as revistas entre os jovens, escolhemos um texto e marcamos de conversar sobre o tema na semana seguinte. Mais uma decep\u00e7\u00e3o. Quase ningu\u00e9m tinha lido o texto que hav\u00edamos combinado.<\/p>\n<p>Mas eu n\u00e3o desisti. No in\u00edcio de 2014 tive a oportunidade de ser professor de jovens na Escola B\u00edblica Dominical, ent\u00e3o passei a utilizar a revista no \u00faltimo domingo de cada m\u00eas. Tamb\u00e9m usei algumas edi\u00e7\u00f5es com os adolescentes do grupo de artes com os quais estava trabalhando em minha igreja. Para o contexto da igreja local, escolhi textos que promovessem a reflex\u00e3o a cerca da miss\u00e3o da igreja e que levassem os jovens e adolescentes a pensar de que forma poderiam se envolver na miss\u00e3o. Felizmente, a experi\u00eancia na igreja local foi bem produtiva.<\/p>\n<p>Um dos temas que chamou bastante a aten\u00e7\u00e3o das pessoas foi a edi\u00e7\u00e3o de n\u00ba 349 <a href=\"http:\/\/www.ultimato.com.br\/revista\/349\">Crak \u2013 O monstro de boca aberta<\/a> (julho\/agosto 2014). Embora o \u201ccrack\u201d n\u00e3o seja t\u00e3o comum em Parintins, todos que estavam no grupo tinham algum familiar ou amigo que enfrentava problemas com outros tipos de drogas. Thiago Brelaz, professor de Educa\u00e7\u00e3o F\u00edsica, participou da conversa e contribuiu bastante por causa da sua experi\u00eancia como ex-dependente qu\u00edmico. Ele achou muito importante tratarmos sobre o tema, pois ele acredita que a igreja precisa estar preparada para acolher e ajudar pessoas que enfrentam problemas com drogas.<\/p>\n<p>Durante meu tempo como representante do <strong>Paralelo 10<\/strong>, a maior dificuldade que enfrentei foi a falta de h\u00e1bito de leitura das pessoas. Certamente, esse problema n\u00e3o \u00e9 exclusividade de Parintins. De acordo com a pesquisa \u201cRetratos da Leitura no Brasil\u201d, promovida em 2012 pelo Instituto Pr\u00f3-Livro, 85% das pessoas preferem assistir televis\u00e3o em seu tempo livre e 52%, ouvir m\u00fasica ou r\u00e1dio. A op\u00e7\u00e3o pela leitura aparece em 7\u00ba plano, com 28%. Realmente ainda h\u00e1 longo caminho pela frente para podermos afirmar que o povo brasileiro \u00e9 um povo que tem prazer em ler.<\/p>\n<p>Mas a despeito desse problema, conseguimos incentivar v\u00e1rias pessoas a cultivar o h\u00e1bito da leitura e pudemos compartilhar mais efetivamente com alguns as revistas e os livros enviados pelo <strong>Paralelo 10<\/strong>. Aparentemente \u00e9 um trabalho de &#8220;formiguinha&#8221;, mas, na verdade, s\u00e3o pequenas sementes espalhadas no Norte e Nordeste. Ao possibilitar acesso gratuito a conte\u00fado crist\u00e3o de qualidade para pessoas que vivem no interior do Amazonas, o <strong>Paralelo 10<\/strong> incentiva n\u00e3o apenas a leitura em si, mas tamb\u00e9m a reflex\u00e3o b\u00edblica e a concretiza\u00e7\u00e3o de boas pr\u00e1ticas. Pode parecer um resultado pequeno, mas \u00e9 importante.<\/p>\n<p>&nbsp;<\/p>\n<p><strong>\u2022 Phelipe Marques Reis<\/strong> \u00e9 amazonense e foi representante do <strong>Paralelo 10<\/strong> em Parintins por quase 2 anos. Casado com Lu\u00edze, ambos mudaram-se para Vi\u00e7osa (MG) no in\u00edcio deste ano para estudarem no Centro Evang\u00e9lico de Miss\u00f5es (CEM).<\/p>\n","protected":false},"excerpt":{"rendered":"<p>Por Phelipe Marques Quando eu soube da exist\u00eancia do projeto Paralelo 10 e da possibilidade de ser um representante em Parintins (AM), n\u00e3o perdi tempo. Enviei um e-mail para a Editora Ultimato e fiz tudo que era necess\u00e1rio para participar do projeto, afinal, seria uma \u00f3tima oportunidade de conhecer mais sobre a Miss\u00e3o Integral da [&hellip;]<\/p>\n","protected":false},"author":2,"featured_media":0,"comment_status":"open","ping_status":"open","sticky":false,"template":"","format":"standard","meta":{"ngg_post_thumbnail":0,"footnotes":""},"categories":[95],"tags":[19288,17733],"class_list":["post-4264","post","type-post","status-publish","format-standard","hentry","category-testemunhos","tag-amazonas","tag-parintins"],"_links":{"self":[{"href":"https:\/\/ultimato.com.br\/sites\/paralelo10\/wp-json\/wp\/v2\/posts\/4264","targetHints":{"allow":["GET"]}}],"collection":[{"href":"https:\/\/ultimato.com.br\/sites\/paralelo10\/wp-json\/wp\/v2\/posts"}],"about":[{"href":"https:\/\/ultimato.com.br\/sites\/paralelo10\/wp-json\/wp\/v2\/types\/post"}],"author":[{"embeddable":true,"href":"https:\/\/ultimato.com.br\/sites\/paralelo10\/wp-json\/wp\/v2\/users\/2"}],"replies":[{"embeddable":true,"href":"https:\/\/ultimato.com.br\/sites\/paralelo10\/wp-json\/wp\/v2\/comments?post=4264"}],"version-history":[{"count":8,"href":"https:\/\/ultimato.com.br\/sites\/paralelo10\/wp-json\/wp\/v2\/posts\/4264\/revisions"}],"predecessor-version":[{"id":4273,"href":"https:\/\/ultimato.com.br\/sites\/paralelo10\/wp-json\/wp\/v2\/posts\/4264\/revisions\/4273"}],"wp:attachment":[{"href":"https:\/\/ultimato.com.br\/sites\/paralelo10\/wp-json\/wp\/v2\/media?parent=4264"}],"wp:term":[{"taxonomy":"category","embeddable":true,"href":"https:\/\/ultimato.com.br\/sites\/paralelo10\/wp-json\/wp\/v2\/categories?post=4264"},{"taxonomy":"post_tag","embeddable":true,"href":"https:\/\/ultimato.com.br\/sites\/paralelo10\/wp-json\/wp\/v2\/tags?post=4264"}],"curies":[{"name":"wp","href":"https:\/\/api.w.org\/{rel}","templated":true}]}}