{"id":4246,"date":"2015-05-13T10:38:23","date_gmt":"2015-05-13T13:38:23","guid":{"rendered":"http:\/\/ultimato.com.br\/sites\/paralelo10\/?p=4246"},"modified":"2015-05-13T11:49:37","modified_gmt":"2015-05-13T14:49:37","slug":"celebrando","status":"publish","type":"post","link":"https:\/\/ultimato.com.br\/sites\/paralelo10\/2015\/05\/celebrando\/","title":{"rendered":"Celebrando!"},"content":{"rendered":"<p><a href=\"http:\/\/ultimato.com.br\/sites\/paralelo10\/files\/2015\/05\/album_risos.jpg\" class=\"lightview\" data-lightview-group=\"group-4246\" data-lightview-options=\"skin: 'dark', controls: 'relative', padding: '10', shadow: { color: '#000000', opacity: 0.08, blur: 3 }\"><img loading=\"lazy\" decoding=\"async\" class=\"aligncenter wp-image-4252\" src=\"http:\/\/ultimato.com.br\/sites\/paralelo10\/files\/2015\/05\/album_risos.jpg\" alt=\"album_risos\" width=\"500\" height=\"334\" srcset=\"https:\/\/ultimato.com.br\/sites\/paralelo10\/files\/2015\/05\/album_risos.jpg 860w, https:\/\/ultimato.com.br\/sites\/paralelo10\/files\/2015\/05\/album_risos-300x200.jpg 300w, https:\/\/ultimato.com.br\/sites\/paralelo10\/files\/2015\/05\/album_risos-150x100.jpg 150w\" sizes=\"auto, (max-width: 500px) 100vw, 500px\" \/><\/a><\/p>\n<p>A Ultimato celebrou, na \u00faltima sexta-feira, dia 08, os sete anos de exist\u00eancia do projeto Paralelo 10. Reunimos os funcion\u00e1rios e compartilhamos com eles os frutos colhidos pelo P10 ao longo destes anos e relembramos nossos objetivos.<\/p>\n<p>A coordenadora do P10, Ivny Monteiro, lembrou que o projeto quer diminuir o isolamento das regi\u00f5es Norte e Nordeste, fornecendo conte\u00fado de qualidade sobre a miss\u00e3o da Igreja. Ela se alegrou com hist\u00f3rias como a do <a href=\"http:\/\/ultimato.com.br\/sites\/paralelo10\/2015\/03\/construindo-pontes-e-igrejas-no-sertao-02\/\" target=\"_blank\">Valdemar Alves<\/a>. Ele \u00e9 pedreiro e representante do P10 no sert\u00e3o de Mana\u00edra, na Para\u00edba e, com a ajuda de outro projeto \u2013 o \u00c1gua Viva \u2013 j\u00e1 construiu duas igrejas na regi\u00e3o.<\/p>\n<p>Ouvimos o testemunho de Phelipe Marques, um dos benefici\u00e1rios do P10. Ele \u00e9 de Paritins, no Amazonas, e l\u00e1 em sua cidade ajudava a divulgar os materiais sobre miss\u00e3o integral que a Ultimato publica. Neste ano, Phelipe, com a ajuda do P10, veio para Vi\u00e7osa, estudar miss\u00f5es no Centro Evang\u00e9lico de Miss\u00f5es. Phelipe \u2013 que \u00e9 jornalista rec\u00e9m-formado \u2013 conseguiu um est\u00e1gio no N\u00facleo Web da Ultimato.<\/p>\n<p>Ao final, Emmanuel Bastos, diretor financeiro da Ultimato, orou pelo trabalho do Paralelo 10.<\/p>\n<p>A celebra\u00e7\u00e3o foi recheada com o j\u00e1 tradicional bolinho de mandioca (ou macaxeira, com se fala no Norte e no Nordeste).<\/p>\n<p>Confira algumas fotos abaixo:<\/p>\n<p>&nbsp;<\/p>\n\n\t\t<style type=\"text\/css\">\n\t\t\t#gallery-1 {\n\t\t\t\tmargin: auto;\n\t\t\t}\n\t\t\t#gallery-1 .gallery-item {\n\t\t\t\tfloat: left;\n\t\t\t\tmargin-top: 10px;\n\t\t\t\ttext-align: center;\n\t\t\t\twidth: 33%;\n\t\t\t}\n\t\t\t#gallery-1 img {\n\t\t\t\tborder: 2px solid #cfcfcf;\n\t\t\t}\n\t\t\t#gallery-1 .gallery-caption {\n\t\t\t\tmargin-left: 0;\n\t\t\t}\n\t\t\t\/* see gallery_shortcode() in wp-includes\/media.php *\/\n\t\t<\/style>\n\t\t<div id='gallery-1' class='gallery galleryid-4246 gallery-columns-3 gallery-size-thumbnail'><dl class='gallery-item'>\n\t\t\t<dt class='gallery-icon landscape'>\n\t\t\t\t<a href='https:\/\/ultimato.com.br\/sites\/paralelo10\/files\/2015\/05\/album_parabens.jpg#main'><img loading=\"lazy\" decoding=\"async\" width=\"150\" height=\"150\" src=\"https:\/\/ultimato.com.br\/sites\/paralelo10\/files\/2015\/05\/album_parabens-150x150.jpg\" class=\"attachment-thumbnail size-thumbnail\" alt=\"\" srcset=\"https:\/\/ultimato.com.br\/sites\/paralelo10\/files\/2015\/05\/album_parabens-150x150.jpg 150w, https:\/\/ultimato.com.br\/sites\/paralelo10\/files\/2015\/05\/album_parabens-80x80.jpg 80w\" sizes=\"auto, (max-width: 150px) 100vw, 150px\" \/><\/a>\n\t\t\t<\/dt><\/dl><dl class='gallery-item'>\n\t\t\t<dt class='gallery-icon landscape'>\n\t\t\t\t<a href='https:\/\/ultimato.com.br\/sites\/paralelo10\/files\/2015\/05\/album_bolinho_mandioca.jpg#main'><img loading=\"lazy\" decoding=\"async\" width=\"150\" height=\"150\" src=\"https:\/\/ultimato.com.br\/sites\/paralelo10\/files\/2015\/05\/album_bolinho_mandioca-150x150.jpg\" class=\"attachment-thumbnail size-thumbnail\" alt=\"\" aria-describedby=\"gallery-1-4247\" srcset=\"https:\/\/ultimato.com.br\/sites\/paralelo10\/files\/2015\/05\/album_bolinho_mandioca-150x150.jpg 150w, https:\/\/ultimato.com.br\/sites\/paralelo10\/files\/2015\/05\/album_bolinho_mandioca-80x80.jpg 80w\" sizes=\"auto, (max-width: 150px) 100vw, 150px\" \/><\/a>\n\t\t\t<\/dt>\n\t\t\t\t<dd class='wp-caption-text gallery-caption' id='gallery-1-4247'>\n\t\t\t\tBolinho de mandioca\n\t\t\t\t<\/dd><\/dl><dl class='gallery-item'>\n\t\t\t<dt class='gallery-icon landscape'>\n\t\t\t\t<a href='https:\/\/ultimato.com.br\/sites\/paralelo10\/files\/2015\/05\/album_elben_ivny.jpg#main'><img loading=\"lazy\" decoding=\"async\" width=\"150\" height=\"150\" src=\"https:\/\/ultimato.com.br\/sites\/paralelo10\/files\/2015\/05\/album_elben_ivny-150x150.jpg\" class=\"attachment-thumbnail size-thumbnail\" alt=\"\" aria-describedby=\"gallery-1-4248\" srcset=\"https:\/\/ultimato.com.br\/sites\/paralelo10\/files\/2015\/05\/album_elben_ivny-150x150.jpg 150w, https:\/\/ultimato.com.br\/sites\/paralelo10\/files\/2015\/05\/album_elben_ivny-80x80.jpg 80w\" sizes=\"auto, (max-width: 150px) 100vw, 150px\" \/><\/a>\n\t\t\t<\/dt>\n\t\t\t\t<dd class='wp-caption-text gallery-caption' id='gallery-1-4248'>\n\t\t\t\tElben C\u00e9sar (fundador da Ultimato) e Ivny\n\t\t\t\t<\/dd><\/dl><br style=\"clear: both\" \/><dl class='gallery-item'>\n\t\t\t<dt class='gallery-icon landscape'>\n\t\t\t\t<a href='https:\/\/ultimato.com.br\/sites\/paralelo10\/files\/2015\/05\/album_mesa.jpg#main'><img loading=\"lazy\" decoding=\"async\" width=\"150\" height=\"150\" src=\"https:\/\/ultimato.com.br\/sites\/paralelo10\/files\/2015\/05\/album_mesa-150x150.jpg\" class=\"attachment-thumbnail size-thumbnail\" alt=\"\" aria-describedby=\"gallery-1-4250\" srcset=\"https:\/\/ultimato.com.br\/sites\/paralelo10\/files\/2015\/05\/album_mesa-150x150.jpg 150w, https:\/\/ultimato.com.br\/sites\/paralelo10\/files\/2015\/05\/album_mesa-80x80.jpg 80w\" sizes=\"auto, (max-width: 150px) 100vw, 150px\" \/><\/a>\n\t\t\t<\/dt>\n\t\t\t\t<dd class='wp-caption-text gallery-caption' id='gallery-1-4250'>\n\t\t\t\tBolinho de mandioca\n\t\t\t\t<\/dd><\/dl><dl class='gallery-item'>\n\t\t\t<dt class='gallery-icon landscape'>\n\t\t\t\t<a href='https:\/\/ultimato.com.br\/sites\/paralelo10\/files\/2015\/05\/album_ivny.jpg#main'><img loading=\"lazy\" decoding=\"async\" width=\"150\" height=\"150\" src=\"https:\/\/ultimato.com.br\/sites\/paralelo10\/files\/2015\/05\/album_ivny-150x150.jpg\" class=\"attachment-thumbnail size-thumbnail\" alt=\"\" aria-describedby=\"gallery-1-4249\" srcset=\"https:\/\/ultimato.com.br\/sites\/paralelo10\/files\/2015\/05\/album_ivny-150x150.jpg 150w, https:\/\/ultimato.com.br\/sites\/paralelo10\/files\/2015\/05\/album_ivny-80x80.jpg 80w\" sizes=\"auto, (max-width: 150px) 100vw, 150px\" \/><\/a>\n\t\t\t<\/dt>\n\t\t\t\t<dd class='wp-caption-text gallery-caption' id='gallery-1-4249'>\n\t\t\t\tIvny Monteiro, coordenadora do P10\n\t\t\t\t<\/dd><\/dl><dl class='gallery-item'>\n\t\t\t<dt class='gallery-icon landscape'>\n\t\t\t\t<a href='https:\/\/ultimato.com.br\/sites\/paralelo10\/files\/2015\/05\/album_phelipe.jpg#main'><img loading=\"lazy\" decoding=\"async\" width=\"150\" height=\"150\" src=\"https:\/\/ultimato.com.br\/sites\/paralelo10\/files\/2015\/05\/album_phelipe-150x150.jpg\" class=\"attachment-thumbnail size-thumbnail\" alt=\"\" aria-describedby=\"gallery-1-4251\" srcset=\"https:\/\/ultimato.com.br\/sites\/paralelo10\/files\/2015\/05\/album_phelipe-150x150.jpg 150w, https:\/\/ultimato.com.br\/sites\/paralelo10\/files\/2015\/05\/album_phelipe-80x80.jpg 80w\" sizes=\"auto, (max-width: 150px) 100vw, 150px\" \/><\/a>\n\t\t\t<\/dt>\n\t\t\t\t<dd class='wp-caption-text gallery-caption' id='gallery-1-4251'>\n\t\t\t\tPhelipe Marques compartilha seu envolvimento no P10\n\t\t\t\t<\/dd><\/dl><br style=\"clear: both\" \/><dl class='gallery-item'>\n\t\t\t<dt class='gallery-icon landscape'>\n\t\t\t\t<a href='https:\/\/ultimato.com.br\/sites\/paralelo10\/files\/2015\/05\/album_risos.jpg#main'><img loading=\"lazy\" decoding=\"async\" width=\"150\" height=\"150\" src=\"https:\/\/ultimato.com.br\/sites\/paralelo10\/files\/2015\/05\/album_risos-150x150.jpg\" class=\"attachment-thumbnail size-thumbnail\" alt=\"\" aria-describedby=\"gallery-1-4252\" srcset=\"https:\/\/ultimato.com.br\/sites\/paralelo10\/files\/2015\/05\/album_risos-150x150.jpg 150w, https:\/\/ultimato.com.br\/sites\/paralelo10\/files\/2015\/05\/album_risos-80x80.jpg 80w\" sizes=\"auto, (max-width: 150px) 100vw, 150px\" \/><\/a>\n\t\t\t<\/dt>\n\t\t\t\t<dd class='wp-caption-text gallery-caption' id='gallery-1-4252'>\n\t\t\t\tCelebrando!\n\t\t\t\t<\/dd><\/dl>\n\t\t\t<br style='clear: both' \/>\n\t\t<\/div>\n\n","protected":false},"excerpt":{"rendered":"<p>A Ultimato celebrou, na \u00faltima sexta-feira, dia 08, os sete anos de exist\u00eancia do projeto Paralelo 10. Reunimos os funcion\u00e1rios e compartilhamos com eles os frutos colhidos pelo P10 ao longo destes anos e relembramos nossos objetivos. A coordenadora do P10, Ivny Monteiro, lembrou que o projeto quer diminuir o isolamento das regi\u00f5es Norte e [&hellip;]<\/p>\n","protected":false},"author":2,"featured_media":0,"comment_status":"open","ping_status":"open","sticky":false,"template":"","format":"standard","meta":{"ngg_post_thumbnail":0,"footnotes":""},"categories":[6],"tags":[155,5609,70],"class_list":["post-4246","post","type-post","status-publish","format-standard","hentry","category-bom-tempero","tag-aniversario","tag-historia","tag-paralelo-10"],"_links":{"self":[{"href":"https:\/\/ultimato.com.br\/sites\/paralelo10\/wp-json\/wp\/v2\/posts\/4246","targetHints":{"allow":["GET"]}}],"collection":[{"href":"https:\/\/ultimato.com.br\/sites\/paralelo10\/wp-json\/wp\/v2\/posts"}],"about":[{"href":"https:\/\/ultimato.com.br\/sites\/paralelo10\/wp-json\/wp\/v2\/types\/post"}],"author":[{"embeddable":true,"href":"https:\/\/ultimato.com.br\/sites\/paralelo10\/wp-json\/wp\/v2\/users\/2"}],"replies":[{"embeddable":true,"href":"https:\/\/ultimato.com.br\/sites\/paralelo10\/wp-json\/wp\/v2\/comments?post=4246"}],"version-history":[{"count":5,"href":"https:\/\/ultimato.com.br\/sites\/paralelo10\/wp-json\/wp\/v2\/posts\/4246\/revisions"}],"predecessor-version":[{"id":4258,"href":"https:\/\/ultimato.com.br\/sites\/paralelo10\/wp-json\/wp\/v2\/posts\/4246\/revisions\/4258"}],"wp:attachment":[{"href":"https:\/\/ultimato.com.br\/sites\/paralelo10\/wp-json\/wp\/v2\/media?parent=4246"}],"wp:term":[{"taxonomy":"category","embeddable":true,"href":"https:\/\/ultimato.com.br\/sites\/paralelo10\/wp-json\/wp\/v2\/categories?post=4246"},{"taxonomy":"post_tag","embeddable":true,"href":"https:\/\/ultimato.com.br\/sites\/paralelo10\/wp-json\/wp\/v2\/tags?post=4246"}],"curies":[{"name":"wp","href":"https:\/\/api.w.org\/{rel}","templated":true}]}}