{"id":422,"date":"2009-12-21T14:52:10","date_gmt":"2009-12-21T17:52:10","guid":{"rendered":"http:\/\/ultimato.com.br\/blogs\/paralelo10\/?p=422"},"modified":"2016-12-07T11:23:40","modified_gmt":"2016-12-07T14:23:40","slug":"feliz-natal","status":"publish","type":"post","link":"https:\/\/ultimato.com.br\/sites\/paralelo10\/2009\/12\/feliz-natal\/","title":{"rendered":"Feliz Natal"},"content":{"rendered":"<p><iframe loading=\"lazy\" src=\"https:\/\/www.youtube.com\/embed\/tvx5uNV02lY?rel=0&amp;controls=0\" width=\"560\" height=\"315\" frameborder=\"0\" allowfullscreen=\"allowfullscreen\"><\/iframe><\/p>\n<p>Este \u00f3timo v\u00eddeo traz a raz\u00e3o do natal contada atrav\u00e9s do cordel. &#8220;O nascimento de Jesus, um cordel sobre o Natal&#8221; \u00e9 uma cria\u00e7\u00e3o de <a href=\"http:\/\/cordelcristao.blogspot.com\" target=\"_blank\">Euriano Sales<\/a>, um jovem cordelista de Fortaleza, CE.<\/p>\n<p><em><strong>Desejamos a todos os amigos do Paralelo 10 um Natal com muita alegria e gratid\u00e3o pela encarna\u00e7\u00e3o de Cristo, nosso Salvador. E um 2010 rendido a Ele, nosso Redentor.<\/strong><\/em><\/p>\n<p>&nbsp;<\/p>\n<div style=\"text-align: right;\"><em><strong>Fraternalmente,<\/strong><\/em><\/div>\n<div style=\"text-align: right;\"><em><strong>Equipe do Paralelo 10<\/strong><\/em><\/div>\n<div style=\"text-align: center;\"><em><strong>&nbsp;<\/strong><\/em><\/div>\n","protected":false},"excerpt":{"rendered":"<p>Este \u00f3timo v\u00eddeo traz a raz\u00e3o do natal contada atrav\u00e9s do cordel. &#8220;O nascimento de Jesus, um cordel sobre o Natal&#8221; \u00e9 uma cria\u00e7\u00e3o de Euriano Sales, um jovem cordelista de Fortaleza, CE. Desejamos a todos os amigos do Paralelo 10 um Natal com muita alegria e gratid\u00e3o pela encarna\u00e7\u00e3o de Cristo, nosso Salvador. E [&hellip;]<\/p>\n","protected":false},"author":2,"featured_media":0,"comment_status":"open","ping_status":"open","sticky":false,"template":"","format":"standard","meta":{"ngg_post_thumbnail":0,"footnotes":""},"categories":[5],"tags":[33,99,26,82,34],"class_list":["post-422","post","type-post","status-publish","format-standard","hentry","category-arte-e-cultura","tag-arte","tag-cordel","tag-missao-integral","tag-natal","tag-nordeste"],"_links":{"self":[{"href":"https:\/\/ultimato.com.br\/sites\/paralelo10\/wp-json\/wp\/v2\/posts\/422","targetHints":{"allow":["GET"]}}],"collection":[{"href":"https:\/\/ultimato.com.br\/sites\/paralelo10\/wp-json\/wp\/v2\/posts"}],"about":[{"href":"https:\/\/ultimato.com.br\/sites\/paralelo10\/wp-json\/wp\/v2\/types\/post"}],"author":[{"embeddable":true,"href":"https:\/\/ultimato.com.br\/sites\/paralelo10\/wp-json\/wp\/v2\/users\/2"}],"replies":[{"embeddable":true,"href":"https:\/\/ultimato.com.br\/sites\/paralelo10\/wp-json\/wp\/v2\/comments?post=422"}],"version-history":[{"count":9,"href":"https:\/\/ultimato.com.br\/sites\/paralelo10\/wp-json\/wp\/v2\/posts\/422\/revisions"}],"predecessor-version":[{"id":5711,"href":"https:\/\/ultimato.com.br\/sites\/paralelo10\/wp-json\/wp\/v2\/posts\/422\/revisions\/5711"}],"wp:attachment":[{"href":"https:\/\/ultimato.com.br\/sites\/paralelo10\/wp-json\/wp\/v2\/media?parent=422"}],"wp:term":[{"taxonomy":"category","embeddable":true,"href":"https:\/\/ultimato.com.br\/sites\/paralelo10\/wp-json\/wp\/v2\/categories?post=422"},{"taxonomy":"post_tag","embeddable":true,"href":"https:\/\/ultimato.com.br\/sites\/paralelo10\/wp-json\/wp\/v2\/tags?post=422"}],"curies":[{"name":"wp","href":"https:\/\/api.w.org\/{rel}","templated":true}]}}