{"id":4137,"date":"2015-03-04T11:16:27","date_gmt":"2015-03-04T14:16:27","guid":{"rendered":"http:\/\/ultimato.com.br\/sites\/paralelo10\/?p=4137"},"modified":"2015-03-04T11:17:34","modified_gmt":"2015-03-04T14:17:34","slug":"construindo-pontes-e-igrejas-no-sertao","status":"publish","type":"post","link":"https:\/\/ultimato.com.br\/sites\/paralelo10\/2015\/03\/construindo-pontes-e-igrejas-no-sertao\/","title":{"rendered":"Construindo pontes (e igrejas) no Sert\u00e3o"},"content":{"rendered":"<p>A revista <a href=\"http:\/\/www.ultimato.com.br\/revista\/\"><strong>Ultimato<\/strong><\/a> divulgou uma iniciativa do Projeto \u00c1gua Viva: ajudar na constru\u00e7\u00e3o de templos no sert\u00e3o nordestino. Valdemar Vieira [representante do Paralelo 10] recebeu a revista no pacote enviado aos representantes e, assim, soube desta iniciativa. Resultado: Valdemar construiu, com suas pr\u00f3prias m\u00e3os, um templo na comunidade de Mandacaru, em Mana\u00edra, PB.<\/p>\n<div id=\"attachment_4139\" style=\"width: 509px\" class=\"wp-caption aligncenter\"><a href=\"http:\/\/ultimato.com.br\/sites\/paralelo10\/files\/2015\/03\/P10_04_03_15_Igreja1.jpg\" class=\"lightview\" data-lightview-group=\"group-4137\" data-lightview-options=\"skin: 'dark', controls: 'relative', padding: '10', shadow: { color: '#000000', opacity: 0.08, blur: 3 }\"><img loading=\"lazy\" decoding=\"async\" aria-describedby=\"caption-attachment-4139\" class=\"wp-image-4139 size-full\" src=\"http:\/\/ultimato.com.br\/sites\/paralelo10\/files\/2015\/03\/P10_04_03_15_Igreja1.jpg\" alt=\"P10_04_03_15_Igreja\" width=\"499\" height=\"374\" srcset=\"https:\/\/ultimato.com.br\/sites\/paralelo10\/files\/2015\/03\/P10_04_03_15_Igreja1.jpg 499w, https:\/\/ultimato.com.br\/sites\/paralelo10\/files\/2015\/03\/P10_04_03_15_Igreja1-300x224.jpg 300w, https:\/\/ultimato.com.br\/sites\/paralelo10\/files\/2015\/03\/P10_04_03_15_Igreja1-150x112.jpg 150w\" sizes=\"auto, (max-width: 499px) 100vw, 499px\" \/><\/a><p id=\"caption-attachment-4139\" class=\"wp-caption-text\">Valdemar e a igreja que ele construiu com as pr\u00f3prias m\u00e3os<\/p><\/div>\n<p><a href=\"http:\/\/ultimato.com.br\/sites\/paralelo10\/files\/2015\/03\/P10_04_03_15_Igreja2.jpg\" class=\"lightview\" data-lightview-group=\"group-4137\" data-lightview-options=\"skin: 'dark', controls: 'relative', padding: '10', shadow: { color: '#000000', opacity: 0.08, blur: 3 }\"><img loading=\"lazy\" decoding=\"async\" class=\"aligncenter size-full wp-image-4140\" src=\"http:\/\/ultimato.com.br\/sites\/paralelo10\/files\/2015\/03\/P10_04_03_15_Igreja2.jpg\" alt=\"P10_04_03_15_Igreja2\" width=\"499\" height=\"374\" srcset=\"https:\/\/ultimato.com.br\/sites\/paralelo10\/files\/2015\/03\/P10_04_03_15_Igreja2.jpg 499w, https:\/\/ultimato.com.br\/sites\/paralelo10\/files\/2015\/03\/P10_04_03_15_Igreja2-300x224.jpg 300w, https:\/\/ultimato.com.br\/sites\/paralelo10\/files\/2015\/03\/P10_04_03_15_Igreja2-150x112.jpg 150w\" sizes=\"auto, (max-width: 499px) 100vw, 499px\" \/><\/a><\/p>\n<p>Leia o depoimento dele:<\/p>\n<blockquote><p>Veja como a <strong>Ultimato<\/strong> tem me aben\u00e7oado. Eu, Valdemar, vi este an\u00fancio na revista. Como eu sou pedreiro, n\u00e3o podia deixar de fazer este projeto. Esta \u00e9 a linda igreja na comunidade de Mandacaru. Fui eu que fiz como pedreiro. Por falta de verba ainda n\u00e3o foi pintada, mas em breve vai ser em nome de Jesus. Obrigada mais uma vez, um forte abra\u00e7o, Valdemar.<\/p><\/blockquote>\n<p>Nosso trabalho n\u00e3o \u00e9 em v\u00e3o!<\/p>\n<p>&nbsp;<\/p>\n<div id=\"attachment_4141\" style=\"width: 618px\" class=\"wp-caption aligncenter\"><a href=\"http:\/\/ultimato.com.br\/sites\/paralelo10\/files\/2015\/03\/P10_25_08_14_Proav_templos.jpg\" class=\"lightview\" data-lightview-group=\"group-4137\" data-lightview-options=\"skin: 'dark', controls: 'relative', padding: '10', shadow: { color: '#000000', opacity: 0.08, blur: 3 }\"><img loading=\"lazy\" decoding=\"async\" aria-describedby=\"caption-attachment-4141\" class=\"size-full wp-image-4141\" src=\"http:\/\/ultimato.com.br\/sites\/paralelo10\/files\/2015\/03\/P10_25_08_14_Proav_templos.jpg\" alt=\"An\u00fancio publicado na revista Ultimato (julho-agosto\/2014).\" width=\"608\" height=\"341\" srcset=\"https:\/\/ultimato.com.br\/sites\/paralelo10\/files\/2015\/03\/P10_25_08_14_Proav_templos.jpg 608w, https:\/\/ultimato.com.br\/sites\/paralelo10\/files\/2015\/03\/P10_25_08_14_Proav_templos-300x168.jpg 300w, https:\/\/ultimato.com.br\/sites\/paralelo10\/files\/2015\/03\/P10_25_08_14_Proav_templos-150x84.jpg 150w\" sizes=\"auto, (max-width: 608px) 100vw, 608px\" \/><\/a><p id=\"caption-attachment-4141\" class=\"wp-caption-text\">An\u00fancio publicado nas edi\u00e7\u00f5es de setembro e de novembro (2014) da revista Ultimato<\/p><\/div>\n","protected":false},"excerpt":{"rendered":"<p>A revista Ultimato divulgou uma iniciativa do Projeto \u00c1gua Viva: ajudar na constru\u00e7\u00e3o de templos no sert\u00e3o nordestino. Valdemar Vieira [representante do Paralelo 10] recebeu a revista no pacote enviado aos representantes e, assim, soube desta iniciativa. Resultado: Valdemar construiu, com suas pr\u00f3prias m\u00e3os, um templo na comunidade de Mandacaru, em Mana\u00edra, PB. Leia o [&hellip;]<\/p>\n","protected":false},"author":2,"featured_media":0,"comment_status":"open","ping_status":"open","sticky":false,"template":"","format":"standard","meta":{"ngg_post_thumbnail":0,"footnotes":""},"categories":[6],"tags":[17284],"class_list":["post-4137","post","type-post","status-publish","format-standard","hentry","category-bom-tempero","tag-bom-tempero-2"],"_links":{"self":[{"href":"https:\/\/ultimato.com.br\/sites\/paralelo10\/wp-json\/wp\/v2\/posts\/4137","targetHints":{"allow":["GET"]}}],"collection":[{"href":"https:\/\/ultimato.com.br\/sites\/paralelo10\/wp-json\/wp\/v2\/posts"}],"about":[{"href":"https:\/\/ultimato.com.br\/sites\/paralelo10\/wp-json\/wp\/v2\/types\/post"}],"author":[{"embeddable":true,"href":"https:\/\/ultimato.com.br\/sites\/paralelo10\/wp-json\/wp\/v2\/users\/2"}],"replies":[{"embeddable":true,"href":"https:\/\/ultimato.com.br\/sites\/paralelo10\/wp-json\/wp\/v2\/comments?post=4137"}],"version-history":[{"count":2,"href":"https:\/\/ultimato.com.br\/sites\/paralelo10\/wp-json\/wp\/v2\/posts\/4137\/revisions"}],"predecessor-version":[{"id":4143,"href":"https:\/\/ultimato.com.br\/sites\/paralelo10\/wp-json\/wp\/v2\/posts\/4137\/revisions\/4143"}],"wp:attachment":[{"href":"https:\/\/ultimato.com.br\/sites\/paralelo10\/wp-json\/wp\/v2\/media?parent=4137"}],"wp:term":[{"taxonomy":"category","embeddable":true,"href":"https:\/\/ultimato.com.br\/sites\/paralelo10\/wp-json\/wp\/v2\/categories?post=4137"},{"taxonomy":"post_tag","embeddable":true,"href":"https:\/\/ultimato.com.br\/sites\/paralelo10\/wp-json\/wp\/v2\/tags?post=4137"}],"curies":[{"name":"wp","href":"https:\/\/api.w.org\/{rel}","templated":true}]}}