{"id":4129,"date":"2015-02-23T11:16:42","date_gmt":"2015-02-23T14:16:42","guid":{"rendered":"http:\/\/ultimato.com.br\/sites\/paralelo10\/?p=4129"},"modified":"2015-02-23T11:17:10","modified_gmt":"2015-02-23T14:17:10","slug":"4129","status":"publish","type":"post","link":"https:\/\/ultimato.com.br\/sites\/paralelo10\/2015\/02\/4129\/","title":{"rendered":"Cultura e f\u00e9: fortalecendo a interculturalidade"},"content":{"rendered":"<p>Esta dica \u00e9 para nossos leitores do Norte!<\/p>\n<p><a href=\"http:\/\/ultimato.com.br\/sites\/paralelo10\/files\/2015\/02\/P10_23_02_15_Conplei_Santarem.jpg\" class=\"lightview\" data-lightview-group=\"group-4129\" data-lightview-options=\"skin: 'dark', controls: 'relative', padding: '10', shadow: { color: '#000000', opacity: 0.08, blur: 3 }\"><img loading=\"lazy\" decoding=\"async\" class=\"aligncenter size-full wp-image-4130\" src=\"http:\/\/ultimato.com.br\/sites\/paralelo10\/files\/2015\/02\/P10_23_02_15_Conplei_Santarem.jpg\" alt=\"P10_23_02_15_Conplei_Santarem\" width=\"462\" height=\"655\" srcset=\"https:\/\/ultimato.com.br\/sites\/paralelo10\/files\/2015\/02\/P10_23_02_15_Conplei_Santarem.jpg 462w, https:\/\/ultimato.com.br\/sites\/paralelo10\/files\/2015\/02\/P10_23_02_15_Conplei_Santarem-211x300.jpg 211w, https:\/\/ultimato.com.br\/sites\/paralelo10\/files\/2015\/02\/P10_23_02_15_Conplei_Santarem-105x150.jpg 105w\" sizes=\"auto, (max-width: 462px) 100vw, 462px\" \/><\/a><br \/>\nMais informa\u00e7\u00f5es: <a href=\"http:\/\/www.conplei.org.br\/v2\/index.php?option=com_content&amp;view=article&amp;id=34&amp;Itemid=56\" target=\"_blank\">AQUI<\/a><\/p>\n","protected":false},"excerpt":{"rendered":"<p>Esta dica \u00e9 para nossos leitores do Norte! Mais informa\u00e7\u00f5es: AQUI<\/p>\n","protected":false},"author":2,"featured_media":0,"comment_status":"open","ping_status":"open","sticky":false,"template":"","format":"standard","meta":{"ngg_post_thumbnail":0,"footnotes":""},"categories":[1],"tags":[23207,12,122],"class_list":["post-4129","post","type-post","status-publish","format-standard","hentry","category-uncategorized","tag-uncategorized","tag-indigenas","tag-norte"],"_links":{"self":[{"href":"https:\/\/ultimato.com.br\/sites\/paralelo10\/wp-json\/wp\/v2\/posts\/4129","targetHints":{"allow":["GET"]}}],"collection":[{"href":"https:\/\/ultimato.com.br\/sites\/paralelo10\/wp-json\/wp\/v2\/posts"}],"about":[{"href":"https:\/\/ultimato.com.br\/sites\/paralelo10\/wp-json\/wp\/v2\/types\/post"}],"author":[{"embeddable":true,"href":"https:\/\/ultimato.com.br\/sites\/paralelo10\/wp-json\/wp\/v2\/users\/2"}],"replies":[{"embeddable":true,"href":"https:\/\/ultimato.com.br\/sites\/paralelo10\/wp-json\/wp\/v2\/comments?post=4129"}],"version-history":[{"count":2,"href":"https:\/\/ultimato.com.br\/sites\/paralelo10\/wp-json\/wp\/v2\/posts\/4129\/revisions"}],"predecessor-version":[{"id":4132,"href":"https:\/\/ultimato.com.br\/sites\/paralelo10\/wp-json\/wp\/v2\/posts\/4129\/revisions\/4132"}],"wp:attachment":[{"href":"https:\/\/ultimato.com.br\/sites\/paralelo10\/wp-json\/wp\/v2\/media?parent=4129"}],"wp:term":[{"taxonomy":"category","embeddable":true,"href":"https:\/\/ultimato.com.br\/sites\/paralelo10\/wp-json\/wp\/v2\/categories?post=4129"},{"taxonomy":"post_tag","embeddable":true,"href":"https:\/\/ultimato.com.br\/sites\/paralelo10\/wp-json\/wp\/v2\/tags?post=4129"}],"curies":[{"name":"wp","href":"https:\/\/api.w.org\/{rel}","templated":true}]}}