{"id":4119,"date":"2015-01-28T08:26:50","date_gmt":"2015-01-28T11:26:50","guid":{"rendered":"http:\/\/ultimato.com.br\/sites\/paralelo10\/?p=4119"},"modified":"2015-01-28T08:26:50","modified_gmt":"2015-01-28T11:26:50","slug":"avancando-pelo-sertao-salvacao-paz-e-restauracao","status":"publish","type":"post","link":"https:\/\/ultimato.com.br\/sites\/paralelo10\/2015\/01\/avancando-pelo-sertao-salvacao-paz-e-restauracao\/","title":{"rendered":"Avan\u00e7ando pelo sert\u00e3o: salva\u00e7\u00e3o, paz e restaura\u00e7\u00e3o"},"content":{"rendered":"<p><a href=\"http:\/\/ultimato.com.br\/sites\/paralelo10\/files\/2015\/01\/P10_28_01_15_Acev.jpg\" class=\"lightview\" data-lightview-group=\"group-4119\" data-lightview-options=\"skin: 'dark', controls: 'relative', padding: '10', shadow: { color: '#000000', opacity: 0.08, blur: 3 }\"><img loading=\"lazy\" decoding=\"async\" class=\"aligncenter size-full wp-image-4120\" src=\"http:\/\/ultimato.com.br\/sites\/paralelo10\/files\/2015\/01\/P10_28_01_15_Acev.jpg\" alt=\"P10_28_01_15_Acev\" width=\"480\" height=\"360\" srcset=\"https:\/\/ultimato.com.br\/sites\/paralelo10\/files\/2015\/01\/P10_28_01_15_Acev.jpg 480w, https:\/\/ultimato.com.br\/sites\/paralelo10\/files\/2015\/01\/P10_28_01_15_Acev-300x225.jpg 300w, https:\/\/ultimato.com.br\/sites\/paralelo10\/files\/2015\/01\/P10_28_01_15_Acev-150x112.jpg 150w\" sizes=\"auto, (max-width: 480px) 100vw, 480px\" \/><\/a><\/p>\n<p>A A\u00e7\u00e3o Evang\u00e9lica (ACEV) \u00e9 uma denomina\u00e7\u00e3o crist\u00e3 conhecida no sert\u00e3o da Para\u00edba por causa de suas a\u00e7\u00f5es de desenvolvimento comunit\u00e1rio\/social e de planta\u00e7\u00e3o de igrejas. Janeiro \u00e9 um m\u00eas especial para a ACEV. \u00c9 quando seus l\u00edderes fazem um esfor\u00e7o maior para mobilizar crist\u00e3os no que eles chamam de \u201cAvan\u00e7o Mission\u00e1rio da ACEV Brasil\u201d. A mobiliza\u00e7\u00e3o evangel\u00edstica re\u00fane, durante dez dias,\u00a0dezenas de pessoas com o objetivo de evangelizar cidades e comunidades pr\u00e9-selecionadas na Conven\u00e7\u00e3o Nacional da denomina\u00e7\u00e3o.<\/p>\n<p>A din\u00e2mica do evento conta com devocionais e ora\u00e7\u00f5es direcionados para os inscritos e v\u00e1rias atividades evangel\u00edsticas: evangelismo pessoal e em massa, nas pra\u00e7as e\u00a0ruas, com\u00a0pe\u00e7as teatrais, louvor, dan\u00e7a e exposi\u00e7\u00f5es b\u00edblicas.<\/p>\n<p>O 15\u00b0 avan\u00e7o aconteceu em Soledade (PB) nos dias 9 a 19 de janeiro. Al\u00e9m da cidade de Soledade, o campo S\u00e3o Vicente do Serid\u00f3 recebeu a equipe de evangelismo.<\/p>\n<p>O encerramento foi marcado\u00a0com muita gratid\u00e3o a Deus, em redor da mesa do Senhor!\u00a0O\u00a0Avan\u00e7o Mission\u00e1rio 2015 da ACEV contou com 70 participantes das seguintes igrejas da ACEV: Matureia (2), Tavares (8), Princesa Isabel (12), Imaculada (6), Patos (5), Mana\u00edra (1), Campina Grande Catol\u00e9 (5), JP Central (1), JP Cidade Verde (1), Jacum\u00e3 (1), Soledade (13). E mais\u00a015 irm\u00e3os da Comunidade Atos de Londrina!<\/p>\n<p>Segundo a ACEV, vinte pessoas tomaram decis\u00f5es s\u00e9rias de compromisso com Cristo e 70 fam\u00edlias querem receber visitas.<\/p>\n<p>Sobre o avan\u00e7o, essas s\u00e3o as palavras do pastor \u00c2ngelo da ACEV Soledade, um dia ap\u00f3s o evento:<\/p>\n<blockquote><p>Fizemos v\u00e1rias visitas hoje, e para a gl\u00f3ria de Deus, temos os resultados acima do que esper\u00e1vamos. Muitas pessoas desejosas de nos receber em suas casas, para expormos a mensagem do Evangelho.\u00a0Fico extremamente perplexo com a desenvoltura dos irm\u00e3os na hora de falar de Jesus. Cada um fala de\u00a0forma apropriada, contando o que Cristo fez em suas vidas, e tudo isso atirando com a arma de 66 tiros direto no cora\u00e7\u00e3o do povo.<\/p><\/blockquote>\n<p>&#8212; Com informa\u00e7\u00f5es da ACEV.<\/p>\n","protected":false},"excerpt":{"rendered":"<p>A A\u00e7\u00e3o Evang\u00e9lica (ACEV) \u00e9 uma denomina\u00e7\u00e3o crist\u00e3 conhecida no sert\u00e3o da Para\u00edba por causa de suas a\u00e7\u00f5es de desenvolvimento comunit\u00e1rio\/social e de planta\u00e7\u00e3o de igrejas. Janeiro \u00e9 um m\u00eas especial para a ACEV. \u00c9 quando seus l\u00edderes fazem um esfor\u00e7o maior para mobilizar crist\u00e3os no que eles chamam de \u201cAvan\u00e7o Mission\u00e1rio da ACEV Brasil\u201d. [&hellip;]<\/p>\n","protected":false},"author":2,"featured_media":0,"comment_status":"open","ping_status":"open","sticky":false,"template":"","format":"standard","meta":{"ngg_post_thumbnail":0,"footnotes":""},"categories":[6],"tags":[65,176,94],"class_list":["post-4119","post","type-post","status-publish","format-standard","hentry","category-bom-tempero","tag-acev","tag-evangelismo","tag-sertao"],"_links":{"self":[{"href":"https:\/\/ultimato.com.br\/sites\/paralelo10\/wp-json\/wp\/v2\/posts\/4119","targetHints":{"allow":["GET"]}}],"collection":[{"href":"https:\/\/ultimato.com.br\/sites\/paralelo10\/wp-json\/wp\/v2\/posts"}],"about":[{"href":"https:\/\/ultimato.com.br\/sites\/paralelo10\/wp-json\/wp\/v2\/types\/post"}],"author":[{"embeddable":true,"href":"https:\/\/ultimato.com.br\/sites\/paralelo10\/wp-json\/wp\/v2\/users\/2"}],"replies":[{"embeddable":true,"href":"https:\/\/ultimato.com.br\/sites\/paralelo10\/wp-json\/wp\/v2\/comments?post=4119"}],"version-history":[{"count":1,"href":"https:\/\/ultimato.com.br\/sites\/paralelo10\/wp-json\/wp\/v2\/posts\/4119\/revisions"}],"predecessor-version":[{"id":4121,"href":"https:\/\/ultimato.com.br\/sites\/paralelo10\/wp-json\/wp\/v2\/posts\/4119\/revisions\/4121"}],"wp:attachment":[{"href":"https:\/\/ultimato.com.br\/sites\/paralelo10\/wp-json\/wp\/v2\/media?parent=4119"}],"wp:term":[{"taxonomy":"category","embeddable":true,"href":"https:\/\/ultimato.com.br\/sites\/paralelo10\/wp-json\/wp\/v2\/categories?post=4119"},{"taxonomy":"post_tag","embeddable":true,"href":"https:\/\/ultimato.com.br\/sites\/paralelo10\/wp-json\/wp\/v2\/tags?post=4119"}],"curies":[{"name":"wp","href":"https:\/\/api.w.org\/{rel}","templated":true}]}}