{"id":4113,"date":"2014-12-31T09:10:18","date_gmt":"2014-12-31T12:10:18","guid":{"rendered":"http:\/\/ultimato.com.br\/sites\/paralelo10\/?p=4113"},"modified":"2014-12-31T09:16:39","modified_gmt":"2014-12-31T12:16:39","slug":"semana-de-capacitacao-em-desenvolvimento-comunitario","status":"publish","type":"post","link":"https:\/\/ultimato.com.br\/sites\/paralelo10\/2014\/12\/semana-de-capacitacao-em-desenvolvimento-comunitario\/","title":{"rendered":"Semana de Capacita\u00e7\u00e3o em Desenvolvimento Comunit\u00e1rio"},"content":{"rendered":"<p style=\"text-align: left;\"><strong><a href=\"http:\/\/ultimato.com.br\/sites\/paralelo10\/files\/2014\/12\/P10_31_12_14_Divulgacao_SCDC.jpg\" class=\"lightview\" data-lightview-group=\"group-4113\" data-lightview-options=\"skin: 'dark', controls: 'relative', padding: '10', shadow: { color: '#000000', opacity: 0.08, blur: 3 }\"><img loading=\"lazy\" decoding=\"async\" class=\"alignright wp-image-4114\" src=\"http:\/\/ultimato.com.br\/sites\/paralelo10\/files\/2014\/12\/P10_31_12_14_Divulgacao_SCDC.jpg\" alt=\"P10_31_12_14_Divulgacao_SCDC\" width=\"353\" height=\"500\" srcset=\"https:\/\/ultimato.com.br\/sites\/paralelo10\/files\/2014\/12\/P10_31_12_14_Divulgacao_SCDC.jpg 678w, https:\/\/ultimato.com.br\/sites\/paralelo10\/files\/2014\/12\/P10_31_12_14_Divulgacao_SCDC-211x300.jpg 211w, https:\/\/ultimato.com.br\/sites\/paralelo10\/files\/2014\/12\/P10_31_12_14_Divulgacao_SCDC-105x150.jpg 105w\" sizes=\"auto, (max-width: 353px) 100vw, 353px\" \/><\/a>A Semana de Capacita\u00e7\u00e3o em Desenvolvimento Comunit\u00e1rio \u00e9 o curso oferecido pela ALEF (Associa\u00e7\u00e3o dos L\u00edderes Evang\u00e9licos de Felipe Camar\u00e3o) com \u00eanfase nas \u00e1reas de Miss\u00e3o Integral e Servi\u00e7o Comunit\u00e1rio, visando equipar lideres crist\u00e3os e oferecer ferramentas para a implanta\u00e7\u00e3o de projetos de transforma\u00e7\u00e3o de comunidades empobrecidas, em nome de nosso Senhor Jesus Cristo.<\/strong><\/p>\n<p><strong>Objetivos<\/strong><strong>:<\/strong><\/p>\n<ul>\n<li>Promover treinamento da mais alta qualidade com profundo conte\u00fado te\u00f3rico-pr\u00e1tico para equipar pastores e l\u00edderes\u00a0das\u00a0igrejas e organiza\u00e7\u00f5es crist\u00e3s que desejam trabalhar para a transforma\u00e7\u00e3o de comunidades carentes, sinalizando o Reino de Deus em sua integralidade.<\/li>\n<li>Desenvolver qualidades de lideran\u00e7a, gest\u00e3o de projetos, motiva\u00e7\u00e3o e mobiliza\u00e7\u00e3o de colaboradores que j\u00e1 ocupam posi\u00e7\u00e3o de lideran\u00e7a em suas atividades profissionais ou na igreja local.<\/li>\n<li>Oferecer ferramentas pr\u00e1ticas para o diagnostico de comunidades, desenho de projetos, mobiliza\u00e7\u00e3o de recursos e os princ\u00edpios fundamentais\u00a0do desenvolvimento comunit\u00e1rio.<\/li>\n<\/ul>\n<p><strong>Curr\u00edculo<\/strong><\/p>\n<ul>\n<li>O Evangelho do Reino de Deus<\/li>\n<li>Miss\u00e3o Integral: Teologia e Pratica<\/li>\n<li>Introdu\u00e7\u00e3o a Perspectiva Crist\u00e3 do Desenvolvimento Comunit\u00e1rio<\/li>\n<li>Conhecendo e Analisando sua Cidade<\/li>\n<li>Cosmovis\u00e3o B\u00edblica<\/li>\n<li>Princ\u00edpios Teol\u00f3gicos para uma Igreja Missional<\/li>\n<li>Princ\u00edpios teol\u00f3gicos para uma Lideran\u00e7a Missional<\/li>\n<li>Princ\u00edpios Pr\u00e1ticos para uma Lideran\u00e7a Eficaz<\/li>\n<li>Modelos de Desenvolvimento Integral.<\/li>\n<li>Teologia B\u00edblica da Justi\u00e7a e Pobreza<\/li>\n<li>Modos de Interven\u00e7\u00e3o<\/li>\n<li>Mobiliza\u00e7\u00e3o de Recursos e Gest\u00e3o de Projetos<\/li>\n<li>Projeto Semente<\/li>\n<\/ul>\n<p><strong>Semana de Capacita\u00e7\u00e3o em Desenvolvimento Comunit\u00e1rio<\/strong><\/p>\n<p><strong>Data:<\/strong>\u00a0 \u00a0 26 a 30 de Janeiro 2015 (segunda a sexta)<\/p>\n<p><strong>Hor\u00e1rio:<\/strong> Chegada: segunda, 26\/01\/2015, as 08h da manh\u00e3.<\/p>\n<p><strong>Sa\u00edda:<\/strong> O evento encerra com a entrega dos certificados e almo\u00e7o de confraterniza\u00e7\u00e3o na sexta as 12h. O participante deve planejar sua sa\u00edda na tarde da sexta-feira, 30\/01\/2015.<\/p>\n<p><strong>Cidade:<\/strong>\u00a0 Natal, RN.<\/p>\n<p><strong>P\u00fablico-Alvo:<\/strong>\u00a0 \u00a0 Profissionais crist\u00e3os (evang\u00e9licos) de todas as \u00e1reas de atua\u00e7\u00e3o, pastores e obreiros.<\/p>\n<p><strong>Investimento:<\/strong> R$ 85,00<\/p>\n<p><strong>Inclui:<\/strong> curso, materiais, certificado de 55h\/aula, hospedagem solidaria, almo\u00e7os e coofe breaks.<\/p>\n<p><strong>N\u00e3o inclui:<\/strong> transporte at\u00e9 o local.<\/p>\n<p><strong>Local:<\/strong> <strong>Igreja Metodista Wesleyana de Felipe Camar\u00e3o<\/strong> &#8211; Rua Nossa Senhora do Livramento, 52\u00aa, CEP 59072420, Felipe Camar\u00e3o \u2013 Natal\/RN (Ao lado da Escola Municipal Djalma Maranh\u00e3o e pr\u00f3xima a Garagem da Empresa Jardinense).<\/p>\n<p><strong>Contato pelo e-mail:<\/strong> <a href=\"mailto:diretoria.alef@gmail.com\">diretoria.alef@gmail.com<\/a><\/p>\n<p>Participe! Inscreva-se!<\/p>\n","protected":false},"excerpt":{"rendered":"<p>A Semana de Capacita\u00e7\u00e3o em Desenvolvimento Comunit\u00e1rio \u00e9 o curso oferecido pela ALEF (Associa\u00e7\u00e3o dos L\u00edderes Evang\u00e9licos de Felipe Camar\u00e3o) com \u00eanfase nas \u00e1reas de Miss\u00e3o Integral e Servi\u00e7o Comunit\u00e1rio, visando equipar lideres crist\u00e3os e oferecer ferramentas para a implanta\u00e7\u00e3o de projetos de transforma\u00e7\u00e3o de comunidades empobrecidas, em nome de nosso Senhor Jesus Cristo. Objetivos: [&hellip;]<\/p>\n","protected":false},"author":2,"featured_media":0,"comment_status":"open","ping_status":"open","sticky":false,"template":"","format":"standard","meta":{"ngg_post_thumbnail":0,"footnotes":""},"categories":[1],"tags":[],"class_list":["post-4113","post","type-post","status-publish","format-standard","hentry","category-uncategorized"],"_links":{"self":[{"href":"https:\/\/ultimato.com.br\/sites\/paralelo10\/wp-json\/wp\/v2\/posts\/4113","targetHints":{"allow":["GET"]}}],"collection":[{"href":"https:\/\/ultimato.com.br\/sites\/paralelo10\/wp-json\/wp\/v2\/posts"}],"about":[{"href":"https:\/\/ultimato.com.br\/sites\/paralelo10\/wp-json\/wp\/v2\/types\/post"}],"author":[{"embeddable":true,"href":"https:\/\/ultimato.com.br\/sites\/paralelo10\/wp-json\/wp\/v2\/users\/2"}],"replies":[{"embeddable":true,"href":"https:\/\/ultimato.com.br\/sites\/paralelo10\/wp-json\/wp\/v2\/comments?post=4113"}],"version-history":[{"count":3,"href":"https:\/\/ultimato.com.br\/sites\/paralelo10\/wp-json\/wp\/v2\/posts\/4113\/revisions"}],"predecessor-version":[{"id":4117,"href":"https:\/\/ultimato.com.br\/sites\/paralelo10\/wp-json\/wp\/v2\/posts\/4113\/revisions\/4117"}],"wp:attachment":[{"href":"https:\/\/ultimato.com.br\/sites\/paralelo10\/wp-json\/wp\/v2\/media?parent=4113"}],"wp:term":[{"taxonomy":"category","embeddable":true,"href":"https:\/\/ultimato.com.br\/sites\/paralelo10\/wp-json\/wp\/v2\/categories?post=4113"},{"taxonomy":"post_tag","embeddable":true,"href":"https:\/\/ultimato.com.br\/sites\/paralelo10\/wp-json\/wp\/v2\/tags?post=4113"}],"curies":[{"name":"wp","href":"https:\/\/api.w.org\/{rel}","templated":true}]}}