{"id":4108,"date":"2014-12-26T10:25:39","date_gmt":"2014-12-26T13:25:39","guid":{"rendered":"http:\/\/ultimato.com.br\/sites\/paralelo10\/?p=4108"},"modified":"2014-12-26T10:32:36","modified_gmt":"2014-12-26T13:32:36","slug":"lideres-e-igrejas-engajadas-na-missao-integral","status":"publish","type":"post","link":"https:\/\/ultimato.com.br\/sites\/paralelo10\/2014\/12\/lideres-e-igrejas-engajadas-na-missao-integral\/","title":{"rendered":"L\u00edderes e igrejas engajadas na Miss\u00e3o Integral"},"content":{"rendered":"<p>Equipar, encorajar e conectar mais de 400 pastores e lideres que servem em aproximadamente 150 Igrejas locais e organiza\u00e7\u00f5es em 10 estados do Norte e Nordeste brasileiros para o engajamento na miss\u00e3o integral de Deus foi um dos objetivos alcan\u00e7ados pelo Congresso ALEF 2014, realizado em Natal (RN). A Ultimato foi uma das parceiras do evento. Veja o teaser de como foi o Congresso:<\/p>\n<div><\/div>\n<div><\/div>\n<p><iframe loading=\"lazy\" src=\"\/\/www.youtube.com\/embed\/b-cY0V0oJk0\" width=\"560\" height=\"315\" frameborder=\"0\" allowfullscreen=\"allowfullscreen\"><\/iframe><\/p>\n","protected":false},"excerpt":{"rendered":"<p>Equipar, encorajar e conectar mais de 400 pastores e lideres que servem em aproximadamente 150 Igrejas locais e organiza\u00e7\u00f5es em 10 estados do Norte e Nordeste brasileiros para o engajamento na miss\u00e3o integral de Deus foi um dos objetivos alcan\u00e7ados pelo Congresso ALEF 2014, realizado em Natal (RN). A Ultimato foi uma das parceiras do [&hellip;]<\/p>\n","protected":false},"author":2,"featured_media":0,"comment_status":"open","ping_status":"open","sticky":false,"template":"","format":"standard","meta":{"ngg_post_thumbnail":0,"footnotes":""},"categories":[7],"tags":[],"class_list":["post-4108","post","type-post","status-publish","format-standard","hentry","category-noticias"],"_links":{"self":[{"href":"https:\/\/ultimato.com.br\/sites\/paralelo10\/wp-json\/wp\/v2\/posts\/4108","targetHints":{"allow":["GET"]}}],"collection":[{"href":"https:\/\/ultimato.com.br\/sites\/paralelo10\/wp-json\/wp\/v2\/posts"}],"about":[{"href":"https:\/\/ultimato.com.br\/sites\/paralelo10\/wp-json\/wp\/v2\/types\/post"}],"author":[{"embeddable":true,"href":"https:\/\/ultimato.com.br\/sites\/paralelo10\/wp-json\/wp\/v2\/users\/2"}],"replies":[{"embeddable":true,"href":"https:\/\/ultimato.com.br\/sites\/paralelo10\/wp-json\/wp\/v2\/comments?post=4108"}],"version-history":[{"count":4,"href":"https:\/\/ultimato.com.br\/sites\/paralelo10\/wp-json\/wp\/v2\/posts\/4108\/revisions"}],"predecessor-version":[{"id":4112,"href":"https:\/\/ultimato.com.br\/sites\/paralelo10\/wp-json\/wp\/v2\/posts\/4108\/revisions\/4112"}],"wp:attachment":[{"href":"https:\/\/ultimato.com.br\/sites\/paralelo10\/wp-json\/wp\/v2\/media?parent=4108"}],"wp:term":[{"taxonomy":"category","embeddable":true,"href":"https:\/\/ultimato.com.br\/sites\/paralelo10\/wp-json\/wp\/v2\/categories?post=4108"},{"taxonomy":"post_tag","embeddable":true,"href":"https:\/\/ultimato.com.br\/sites\/paralelo10\/wp-json\/wp\/v2\/tags?post=4108"}],"curies":[{"name":"wp","href":"https:\/\/api.w.org\/{rel}","templated":true}]}}