{"id":4094,"date":"2014-12-22T08:15:24","date_gmt":"2014-12-22T11:15:24","guid":{"rendered":"http:\/\/ultimato.com.br\/sites\/paralelo10\/?p=4094"},"modified":"2014-12-22T08:16:38","modified_gmt":"2014-12-22T11:16:38","slug":"21-dias-de-oracao-e-jejum-pelo-sertao-nordestino-e-povos-minoritarios-da-regiao","status":"publish","type":"post","link":"https:\/\/ultimato.com.br\/sites\/paralelo10\/2014\/12\/21-dias-de-oracao-e-jejum-pelo-sertao-nordestino-e-povos-minoritarios-da-regiao\/","title":{"rendered":"21 Dias de Ora\u00e7\u00e3o e Jejum pelo Sert\u00e3o Nordestino e Povos Minorit\u00e1rios da Regi\u00e3o"},"content":{"rendered":"<p><strong><a href=\"http:\/\/ultimato.com.br\/sites\/paralelo10\/files\/2014\/02\/P10_26_02_14_Capa_livro_juvep.jpg\" class=\"lightview\" data-lightview-group=\"group-4094\" data-lightview-options=\"skin: 'dark', controls: 'relative', padding: '10', shadow: { color: '#000000', opacity: 0.08, blur: 3 }\"><img loading=\"lazy\" decoding=\"async\" class=\"alignright wp-image-3570 size-full\" src=\"http:\/\/ultimato.com.br\/sites\/paralelo10\/files\/2014\/02\/P10_26_02_14_Capa_livro_juvep.jpg\" alt=\"P10_26_02_14_Capa_livro_juvep\" width=\"309\" height=\"393\" srcset=\"https:\/\/ultimato.com.br\/sites\/paralelo10\/files\/2014\/02\/P10_26_02_14_Capa_livro_juvep.jpg 309w, https:\/\/ultimato.com.br\/sites\/paralelo10\/files\/2014\/02\/P10_26_02_14_Capa_livro_juvep-235x300.jpg 235w, https:\/\/ultimato.com.br\/sites\/paralelo10\/files\/2014\/02\/P10_26_02_14_Capa_livro_juvep-117x150.jpg 117w\" sizes=\"auto, (max-width: 309px) 100vw, 309px\" \/><\/a>Tema<\/strong><br \/>\n\u201cFa\u00e7a Chover, Senhor, na Terra e no cora\u00e7\u00e3o do Povo Sertanejo!\u201d \u00e9 o tema da Campanha <em>21 Dias de Ora\u00e7\u00e3o e Jejum pelo Sert\u00e3o Nordestino e Povos Minorit\u00e1rios da Regi\u00e3o<\/em>.<\/p>\n<p><strong>Objetivo<\/strong><br \/>\nO objetivo da campanha \u00e9 mobilizar ora\u00e7\u00e3o em favor da evangeliza\u00e7\u00e3o, plantio de igrejas e transforma\u00e7\u00e3o social dos sertanejos, ciganos, quilombolas e ind\u00edgenas do Nordeste.<\/p>\n<p><strong>Data<\/strong><br \/>\nCada igreja tem a liberdade de escolher a data que melhor lhe servir dentro de seu calend\u00e1rio ao longo do ano. O importante \u00e9 o compromisso de orar vinte e um dias pelo sert\u00e3o e pelos povos minorit\u00e1rios do Nordeste. Sugerimos que seja realizado um culto especial de abertura e outro de encerramento da campanha.<\/p>\n<p><strong>Participa\u00e7\u00e3o na campanha<\/strong><br \/>\nO nosso desejo \u00e9 envolver crentes e igrejas de todo pa\u00eds nesse clamor, pois cremos que quando o Esp\u00edrito Santo mobiliza o Povo de Deus para orar por uma Causa Ele est\u00e1 preparando os cora\u00e7\u00f5es para realizar grandes coisas que redundam em gl\u00f3rias para Cristo e salva\u00e7\u00e3o para muitos.<\/p>\n<p>Pedimos que cada igreja participante preencha o <a href=\"http:\/\/www.21diasdeoracao.com.br\/index.php\/campanha\/cadastro\">formul\u00e1rio de participa\u00e7\u00e3o<\/a>.<\/p>\n<p><strong>Como fazer os 21 dias na igreja local<\/strong><br \/>\nCada crente deve fazer pessoalmente a campanha dos 21 Dias de Ora\u00e7\u00e3o e Jejum pelo Sert\u00e3o e povos minorit\u00e1rios da regi\u00e3o, mas a campanha pode ser feita tamb\u00e9m em pequenos grupos, seja na fam\u00edlia, nas c\u00e9lulas ou grupos de comunh\u00e3o, ou cultos na igreja.<\/p>\n<p>Cada igreja deve fazer a campanha da forma que melhor lhe convier. O mais importante \u00e9 encorajar os crentes a se engajarem. \u00c9 essencial que haja encorajamento de p\u00falpito, assim como em todas as reuni\u00f5es, no boletim dominical e tamb\u00e9m no site da igreja.<\/p>\n<p>Tanto no lan\u00e7amento como no encerramento poder\u00e1 ser apresentada uma encena\u00e7\u00e3o sobre o Sert\u00e3o, um clipe ou um testemunho, m\u00fasicas regionais contextualizadas e mensagem abordando o tema.<\/p>\n<p><strong>Como adquirir o livro da campanha<\/strong><br \/>\nO livro poder\u00e1 ser adquirido atrav\u00e9s do site ou pessoalmente em um dos nossos pontos de distribui\u00e7\u00e3o.<\/p>\n<p><strong>Constru\u00e7\u00e3o de po\u00e7os<\/strong><br \/>\n20% das vendas dos livros da campanha ser\u00e3o destinados \u00e0 abertura de po\u00e7os na zona rural do sert\u00e3o.<\/p>\n","protected":false},"excerpt":{"rendered":"<p>Tema \u201cFa\u00e7a Chover, Senhor, na Terra e no cora\u00e7\u00e3o do Povo Sertanejo!\u201d \u00e9 o tema da Campanha 21 Dias de Ora\u00e7\u00e3o e Jejum pelo Sert\u00e3o Nordestino e Povos Minorit\u00e1rios da Regi\u00e3o. Objetivo O objetivo da campanha \u00e9 mobilizar ora\u00e7\u00e3o em favor da evangeliza\u00e7\u00e3o, plantio de igrejas e transforma\u00e7\u00e3o social dos sertanejos, ciganos, quilombolas e ind\u00edgenas [&hellip;]<\/p>\n","protected":false},"author":2,"featured_media":0,"comment_status":"open","ping_status":"open","sticky":false,"template":"","format":"standard","meta":{"ngg_post_thumbnail":0,"footnotes":""},"categories":[8],"tags":[5312,66,124,94],"class_list":["post-4094","post","type-post","status-publish","format-standard","hentry","category-toro-de-palpites","tag-campanha","tag-juvep","tag-oracao","tag-sertao"],"_links":{"self":[{"href":"https:\/\/ultimato.com.br\/sites\/paralelo10\/wp-json\/wp\/v2\/posts\/4094","targetHints":{"allow":["GET"]}}],"collection":[{"href":"https:\/\/ultimato.com.br\/sites\/paralelo10\/wp-json\/wp\/v2\/posts"}],"about":[{"href":"https:\/\/ultimato.com.br\/sites\/paralelo10\/wp-json\/wp\/v2\/types\/post"}],"author":[{"embeddable":true,"href":"https:\/\/ultimato.com.br\/sites\/paralelo10\/wp-json\/wp\/v2\/users\/2"}],"replies":[{"embeddable":true,"href":"https:\/\/ultimato.com.br\/sites\/paralelo10\/wp-json\/wp\/v2\/comments?post=4094"}],"version-history":[{"count":1,"href":"https:\/\/ultimato.com.br\/sites\/paralelo10\/wp-json\/wp\/v2\/posts\/4094\/revisions"}],"predecessor-version":[{"id":4096,"href":"https:\/\/ultimato.com.br\/sites\/paralelo10\/wp-json\/wp\/v2\/posts\/4094\/revisions\/4096"}],"wp:attachment":[{"href":"https:\/\/ultimato.com.br\/sites\/paralelo10\/wp-json\/wp\/v2\/media?parent=4094"}],"wp:term":[{"taxonomy":"category","embeddable":true,"href":"https:\/\/ultimato.com.br\/sites\/paralelo10\/wp-json\/wp\/v2\/categories?post=4094"},{"taxonomy":"post_tag","embeddable":true,"href":"https:\/\/ultimato.com.br\/sites\/paralelo10\/wp-json\/wp\/v2\/tags?post=4094"}],"curies":[{"name":"wp","href":"https:\/\/api.w.org\/{rel}","templated":true}]}}