{"id":4081,"date":"2014-12-08T13:37:37","date_gmt":"2014-12-08T16:37:37","guid":{"rendered":"http:\/\/ultimato.com.br\/sites\/paralelo10\/?p=4081"},"modified":"2014-12-08T13:37:37","modified_gmt":"2014-12-08T16:37:37","slug":"bom-de-papo-melhor-ainda-de-praxis","status":"publish","type":"post","link":"https:\/\/ultimato.com.br\/sites\/paralelo10\/2014\/12\/bom-de-papo-melhor-ainda-de-praxis\/","title":{"rendered":"Bom de papo, melhor ainda de pr\u00e1xis"},"content":{"rendered":"<p><a href=\"http:\/\/ultimato.com.br\/sites\/paralelo10\/files\/2014\/12\/cong_alef.jpeg\" class=\"lightview\" data-lightview-group=\"group-4081\" data-lightview-options=\"skin: 'dark', controls: 'relative', padding: '10', shadow: { color: '#000000', opacity: 0.08, blur: 3 }\"><img loading=\"lazy\" decoding=\"async\" class=\"alignright wp-image-4082 size-full\" src=\"http:\/\/ultimato.com.br\/sites\/paralelo10\/files\/2014\/12\/cong_alef.jpeg\" alt=\"cong_alef\" width=\"400\" height=\"300\" srcset=\"https:\/\/ultimato.com.br\/sites\/paralelo10\/files\/2014\/12\/cong_alef.jpeg 400w, https:\/\/ultimato.com.br\/sites\/paralelo10\/files\/2014\/12\/cong_alef-300x225.jpeg 300w, https:\/\/ultimato.com.br\/sites\/paralelo10\/files\/2014\/12\/cong_alef-150x112.jpeg 150w\" sizes=\"auto, (max-width: 400px) 100vw, 400px\" \/><\/a>Uma frase, muito ouvida por n\u00f3s quando jovem nos anos 80 (faz tempo, n\u00e3o \u00e9 mesmo?) \u00e9 que a Igreja precisa urgentemente deixar de ser um <strong>clube<\/strong> e, encarar e encarnar sua miss\u00e3o, a grande comiss\u00e3o dada pelo Senhor Jesus (Mt. 28:18-20). Estive em outubro no muito bom Congresso ALEF para Pastores e L\u00edderes, em Natal (RN). Foi l\u00e1 que ouvi novamente isso. Pensei: \u201ccaramba, ainda estamos desse jeito\u201d! Mas, na verdade, n\u00e3o foi de tudo surpreendente, mas \u00e9 que estive meio que isolado por 14 anos na Amaz\u00f4nia, vivenciando o Evangelho junto com irm\u00e3os pentecostais, em um pequeno lugar do Par\u00e1.<\/p>\n<p>Foram dias aben\u00e7oados, muita palestra, intera\u00e7\u00e3o e contatos no Congresso ALEF. Cerca de 400 participaram. Fui ao evento acompanhado de dois outros irm\u00e3os (um presb\u00edtero da nossa igreja e o outro pastor presbiteriano). A presen\u00e7a do Pedro Arana (com sua simplicidade e, comunica\u00e7\u00e3o f\u00e1cil), abrilhantou o evento. Fomos presenteados com v\u00e1rias prega\u00e7\u00f5es e palestras, entre elas, a fala contextualizada e oportuna de S\u00e9rgio Lyra (pastor presbiteriano) e Jos\u00e9 Marcos (pastor batista). A prega\u00e7\u00e3o desafiadora e contempor\u00e2nea de Ant\u00f4nio Carlos Costa (pastor presbiteriano no Rio de Janeiro e membro fundador da ONG Rio da Paz) &#8212; s\u00f3 para citar algumas.<\/p>\n<p>T\u00ednhamos as manh\u00e3s livres e aproveitamos para nos reunir com os representantes do <em>Paralelo 10<\/em>. Ficamos admirados em ver gente nova, animada e comprometida com o Senhor Deus e o Seu reino! Os relatos foram \u201cpra l\u00e1\u201d de edificantes. Lutas e muitas vit\u00f3rias compartilhadas em delicioso caf\u00e9 da manh\u00e3. Quanta disposi\u00e7\u00e3o, quanto compromisso, quanta viv\u00eancia da Miss\u00e3o Integral! Obrigado Senhor pela oportunidade, obrigado <strong>Ultimato<\/strong> pelo apoio!<\/p>\n<p>Uma constata\u00e7\u00e3o, segundo os membros do <em>Paralelo 10:<\/em> a revista <strong>Ultimato<\/strong> ainda \u00e9 pouco conhecida no Norte e Nordeste, apesar de nosso trabalho com o <em>Paralelo 10<\/em>. Ainda h\u00e1 a necessidade de envio de mais revistas para os membros. Percebemos isso como uma janela de oportunidade para n\u00f3s, h\u00e1 um grande caminho a ser percorrido, h\u00e1 muito espa\u00e7o para avan\u00e7ar. Vamos a campo!<\/p>\n<p>No retorno, nosso irm\u00e3o e presb\u00edtero Roberto estava t\u00e3o extasiado que at\u00e9 nos falou: \u201ceu precisa estar aqui e ver e ouvir tudo isso, pois andava em um des\u00e2nimo grande!\u201d. Desde ent\u00e3o temos andado juntos e pensado e trabalhado mais para vivenciar a Teologia da Miss\u00e3o Integral em nossa cidade, em nosso bairro. Temos a inten\u00e7\u00e3o de trazer \u00e0 nossa cidade alguns membros do <em>Paralelo 10<\/em> e preletores do que estiveram no congresso.<\/p>\n<p>\u00c9 s\u00f3 tudo isso. Que Deus continue sendo louvado por inciativas como o Congresso da ALEF e tantas outras mais.<\/p>\n<p>OBS: Em 2015 tem mais Congresso ALEF.<\/p>\n<p>&nbsp;<\/p>\n<p><strong>&#8212; Jos\u00e9 Stanley Oliveira Silva<\/strong> \u00e9 representante do <em>Paralelo 10<\/em>, em Recife, PE.<\/p>\n","protected":false},"excerpt":{"rendered":"<p>Uma frase, muito ouvida por n\u00f3s quando jovem nos anos 80 (faz tempo, n\u00e3o \u00e9 mesmo?) \u00e9 que a Igreja precisa urgentemente deixar de ser um clube e, encarar e encarnar sua miss\u00e3o, a grande comiss\u00e3o dada pelo Senhor Jesus (Mt. 28:18-20). Estive em outubro no muito bom Congresso ALEF para Pastores e L\u00edderes, em [&hellip;]<\/p>\n","protected":false},"author":2,"featured_media":0,"comment_status":"open","ping_status":"open","sticky":false,"template":"","format":"standard","meta":{"ngg_post_thumbnail":0,"footnotes":""},"categories":[95],"tags":[26,34],"class_list":["post-4081","post","type-post","status-publish","format-standard","hentry","category-testemunhos","tag-missao-integral","tag-nordeste"],"_links":{"self":[{"href":"https:\/\/ultimato.com.br\/sites\/paralelo10\/wp-json\/wp\/v2\/posts\/4081","targetHints":{"allow":["GET"]}}],"collection":[{"href":"https:\/\/ultimato.com.br\/sites\/paralelo10\/wp-json\/wp\/v2\/posts"}],"about":[{"href":"https:\/\/ultimato.com.br\/sites\/paralelo10\/wp-json\/wp\/v2\/types\/post"}],"author":[{"embeddable":true,"href":"https:\/\/ultimato.com.br\/sites\/paralelo10\/wp-json\/wp\/v2\/users\/2"}],"replies":[{"embeddable":true,"href":"https:\/\/ultimato.com.br\/sites\/paralelo10\/wp-json\/wp\/v2\/comments?post=4081"}],"version-history":[{"count":1,"href":"https:\/\/ultimato.com.br\/sites\/paralelo10\/wp-json\/wp\/v2\/posts\/4081\/revisions"}],"predecessor-version":[{"id":4083,"href":"https:\/\/ultimato.com.br\/sites\/paralelo10\/wp-json\/wp\/v2\/posts\/4081\/revisions\/4083"}],"wp:attachment":[{"href":"https:\/\/ultimato.com.br\/sites\/paralelo10\/wp-json\/wp\/v2\/media?parent=4081"}],"wp:term":[{"taxonomy":"category","embeddable":true,"href":"https:\/\/ultimato.com.br\/sites\/paralelo10\/wp-json\/wp\/v2\/categories?post=4081"},{"taxonomy":"post_tag","embeddable":true,"href":"https:\/\/ultimato.com.br\/sites\/paralelo10\/wp-json\/wp\/v2\/tags?post=4081"}],"curies":[{"name":"wp","href":"https:\/\/api.w.org\/{rel}","templated":true}]}}