{"id":4009,"date":"2014-10-15T09:25:26","date_gmt":"2014-10-15T12:25:26","guid":{"rendered":"http:\/\/ultimato.com.br\/sites\/paralelo10\/?p=4009"},"modified":"2014-10-15T09:26:38","modified_gmt":"2014-10-15T12:26:38","slug":"manaus-vai-receber-o-sim-todos-somos-vocacionados","status":"publish","type":"post","link":"https:\/\/ultimato.com.br\/sites\/paralelo10\/2014\/10\/manaus-vai-receber-o-sim-todos-somos-vocacionados\/","title":{"rendered":"Manaus vai receber o SIM \u2013 Todos Somos Vocacionados"},"content":{"rendered":"<p><a href=\"http:\/\/ultimato.com.br\/sites\/paralelo10\/files\/2014\/10\/SIM_MANAUS.jpg\" class=\"lightview\" data-lightview-group=\"group-4009\" data-lightview-options=\"skin: 'dark', controls: 'relative', padding: '10', shadow: { color: '#000000', opacity: 0.08, blur: 3 }\"><img loading=\"lazy\" decoding=\"async\" class=\"alignright wp-image-4010\" src=\"http:\/\/ultimato.com.br\/sites\/paralelo10\/files\/2014\/10\/SIM_MANAUS.jpg\" alt=\"SIM_MANAUS\" width=\"400\" height=\"566\" srcset=\"https:\/\/ultimato.com.br\/sites\/paralelo10\/files\/2014\/10\/SIM_MANAUS.jpg 426w, https:\/\/ultimato.com.br\/sites\/paralelo10\/files\/2014\/10\/SIM_MANAUS-211x300.jpg 211w, https:\/\/ultimato.com.br\/sites\/paralelo10\/files\/2014\/10\/SIM_MANAUS-105x150.jpg 105w\" sizes=\"auto, (max-width: 400px) 100vw, 400px\" \/><\/a>Nos dias 21 e 22 de novembro, a Primeira Igreja Batista de Manaus (AM) vai receber a quarta edi\u00e7\u00e3o do congresso SIM \u201cTodos Somos Vocacionados\u201d. Com uma programa\u00e7\u00e3o din\u00e2mica e relevante, os participantes ser\u00e3o envolvidos em uma atmosfera de reflex\u00e3o sobre o uso de dons e talentos e presen\u00e7a crist\u00e3 no mundo. O SIM se prop\u00f5e a ajudar cada um de seus congressistas a descobrir sua voca\u00e7\u00e3o. Afinal, todos temos uma miss\u00e3o.<\/p>\n<p>Organizado pelas ag\u00eancias mission\u00e1rias da Conven\u00e7\u00e3o Batista Brasileira, a Junta de Miss\u00f5es Mundiais e a Junta de Miss\u00f5es Nacionais, o SIM recebe inscri\u00e7\u00f5es at\u00e9 o dia 20 de novembro pelo site www.vocacao4d.com.br. Na p\u00e1gina tamb\u00e9m \u00e9 poss\u00edvel conferir toda a programa\u00e7\u00e3o e ter uma pr\u00e9via sobre os palestrantes, entre eles:<\/p>\n<p><strong>S\u00e9rgio Queiroz<\/strong> \u2013 Pastor presidente da Igreja Batista Cidade Viva e Procurador da Fazenda em Jo\u00e3o Pessoa\/PB. Formado em Engenharia Civil pela Universidade Federal da Para\u00edba, p\u00f3s-graduado em Engenharia de Seguran\u00e7a do Trabalho, bacharel em Direito, mestre em Teologia pelo Instituto B\u00edblico Betel do Brasil e em Filosofia na \u00e1rea de \u00c9tica e Filosofia Pol\u00edtica.<\/p>\n<p><strong>M\u00e1rcio Camargo<\/strong> \u2013 Diretor Acad\u00eamico da HSM Educa\u00e7\u00e3o, no Brasil. Coaching com certifica\u00e7\u00e3o internacional, \u00e9 mestre em Ci\u00eancias e Pr\u00e1ticas Educativas, especialista (MBA) em Gest\u00e3o de Opera\u00e7\u00f5es pela USP e\u00a0pedagogo.<\/p>\n<p><strong>Jo\u00e3o Marcos Barreto Soares<\/strong> \u2013 Diretor executivo da Junta de Miss\u00f5es Mundiais desde 2010. Mestre\u00a0em Ci\u00eancias da Religi\u00e3o pela Universidade Metodista de\u00a0S\u00e3o Paulo, pastoreou a Igreja Batista no bairro de Perdizes, na capital paulista, por 13 anos, antes de assumir a JMM. Na juventude,\u00a0foi l\u00edder de jovens e adolescentes\u00a0no Estado do Rio de Janeiro.<\/p>\n<p><strong>Fernando Brand\u00e3o<\/strong> \u2013 Diretor executivo da Junta de Miss\u00f5es Nacionais. Formado em teologia pelo Semin\u00e1rio Teol\u00f3gico Batista Mineiro, al\u00e9m da forma\u00e7\u00e3o em MBA, gest\u00e3o empresarial e estrat\u00e9gica e gest\u00e3o integrada de log\u00edstica. Pastoreou por oito anos a Segunda Igreja Batista do Plano Piloto, em Bras\u00edlia\/DF, e ocupava um cargo na dire\u00e7\u00e3o da Caixa Econ\u00f4mica Federal, quando foi convidado para assumir a diretoria executiva da JMN, em junho de 2007.<\/p>\n<p><strong>Jarbas Ferreira<\/strong> \u2013 Assessor da Ger\u00eancia de Miss\u00f5es da JMM. Serviu como mission\u00e1rio transcultural por 14 anos, na \u00e1rea de capacita\u00e7\u00e3o teol\u00f3gica de pastores africanos e forma\u00e7\u00e3o de l\u00edderes. Ap\u00f3s seu retorno ao Brasil, lecionou em v\u00e1rios semin\u00e1rios teol\u00f3gicos e escreveu livros na \u00e1rea de Missiologia.\u00a0\u00c9 te\u00f3logo, mestre em Miss\u00f5es e Comunica\u00e7\u00e3o Transcultural pela Universidade Wheaton (EUA),\u00a0mestre em Ci\u00eancias da Religi\u00e3o pela Universidade Presbiteriana Mackenzie e doutor em Minist\u00e9rio.<\/p>\n<p><strong>Alexandre Magnani<\/strong> \u2013 Os momentos de louvor e adora\u00e7\u00e3o ficar\u00e3o por conta deste m\u00fasico que tem sido um grande parceiro do SIM. Alexandre \u00e9 ministro de louvor e artes na Igreja Batista em Perdizes, em S\u00e3o Paulo\/SP.<\/p>\n<p>O valor do investimento \u00e9 de R$ 70,00. Os custos com hospedagem, transporte e alimenta\u00e7\u00e3o s\u00e3o por conta do congressista. Os resultados de se descobrir que a voca\u00e7\u00e3o \u00e9 algo que todo mundo tem e que deve ser usada integralmente podem ecoar pela eternidade.<\/p>\n<p>Nas edi\u00e7\u00f5es anteriores do SIM, Sumar\u00e9\/SP (2012), Rio de Janeiro (2014) e Salvador\/BA (2014), milhares de pessoas compreenderam a import\u00e2ncia de se envolver com o que Deus est\u00e1 fazendo no mundo, utilizando tudo o que t\u00eam, o que fazem e o que s\u00e3o para honrar a Deus e satisfazer uma necessidade espec\u00edfica de um p\u00fablico espec\u00edfico, entendendo, nisso tudo, a sua voca\u00e7\u00e3o, a sua parte na miss\u00e3o de Deus.<\/p>\n<p>&#8212; Com informa\u00e7\u00f5es da Reda\u00e7\u00e3o JMM.<\/p>\n","protected":false},"excerpt":{"rendered":"<p>Nos dias 21 e 22 de novembro, a Primeira Igreja Batista de Manaus (AM) vai receber a quarta edi\u00e7\u00e3o do congresso SIM \u201cTodos Somos Vocacionados\u201d. Com uma programa\u00e7\u00e3o din\u00e2mica e relevante, os participantes ser\u00e3o envolvidos em uma atmosfera de reflex\u00e3o sobre o uso de dons e talentos e presen\u00e7a crist\u00e3 no mundo. O SIM se [&hellip;]<\/p>\n","protected":false},"author":2,"featured_media":0,"comment_status":"open","ping_status":"open","sticky":false,"template":"","format":"standard","meta":{"ngg_post_thumbnail":0,"footnotes":""},"categories":[1],"tags":[122,16533],"class_list":["post-4009","post","type-post","status-publish","format-standard","hentry","category-uncategorized","tag-norte","tag-vocacao"],"_links":{"self":[{"href":"https:\/\/ultimato.com.br\/sites\/paralelo10\/wp-json\/wp\/v2\/posts\/4009","targetHints":{"allow":["GET"]}}],"collection":[{"href":"https:\/\/ultimato.com.br\/sites\/paralelo10\/wp-json\/wp\/v2\/posts"}],"about":[{"href":"https:\/\/ultimato.com.br\/sites\/paralelo10\/wp-json\/wp\/v2\/types\/post"}],"author":[{"embeddable":true,"href":"https:\/\/ultimato.com.br\/sites\/paralelo10\/wp-json\/wp\/v2\/users\/2"}],"replies":[{"embeddable":true,"href":"https:\/\/ultimato.com.br\/sites\/paralelo10\/wp-json\/wp\/v2\/comments?post=4009"}],"version-history":[{"count":2,"href":"https:\/\/ultimato.com.br\/sites\/paralelo10\/wp-json\/wp\/v2\/posts\/4009\/revisions"}],"predecessor-version":[{"id":4012,"href":"https:\/\/ultimato.com.br\/sites\/paralelo10\/wp-json\/wp\/v2\/posts\/4009\/revisions\/4012"}],"wp:attachment":[{"href":"https:\/\/ultimato.com.br\/sites\/paralelo10\/wp-json\/wp\/v2\/media?parent=4009"}],"wp:term":[{"taxonomy":"category","embeddable":true,"href":"https:\/\/ultimato.com.br\/sites\/paralelo10\/wp-json\/wp\/v2\/categories?post=4009"},{"taxonomy":"post_tag","embeddable":true,"href":"https:\/\/ultimato.com.br\/sites\/paralelo10\/wp-json\/wp\/v2\/tags?post=4009"}],"curies":[{"name":"wp","href":"https:\/\/api.w.org\/{rel}","templated":true}]}}