{"id":3995,"date":"2014-10-03T09:33:37","date_gmt":"2014-10-03T12:33:37","guid":{"rendered":"http:\/\/ultimato.com.br\/sites\/paralelo10\/?p=3995"},"modified":"2014-10-03T09:33:37","modified_gmt":"2014-10-03T12:33:37","slug":"ong-nordestina-lanca-segunda-edicao-da-campanha-ser-crianca","status":"publish","type":"post","link":"https:\/\/ultimato.com.br\/sites\/paralelo10\/2014\/10\/ong-nordestina-lanca-segunda-edicao-da-campanha-ser-crianca\/","title":{"rendered":"ONG nordestina lan\u00e7a segunda edi\u00e7\u00e3o da campanha \u201cSer Crian\u00e7a\u201d"},"content":{"rendered":"<p><em><a href=\"http:\/\/ultimato.com.br\/sites\/paralelo10\/files\/2014\/10\/P10_ser_crianca.jpg\" class=\"lightview\" data-lightview-group=\"group-3995\" data-lightview-options=\"skin: 'dark', controls: 'relative', padding: '10', shadow: { color: '#000000', opacity: 0.08, blur: 3 }\"><img loading=\"lazy\" decoding=\"async\" class=\"alignright size-full wp-image-3996\" src=\"http:\/\/ultimato.com.br\/sites\/paralelo10\/files\/2014\/10\/P10_ser_crianca.jpg\" alt=\"P10_ser_crianca\" width=\"448\" height=\"263\" srcset=\"https:\/\/ultimato.com.br\/sites\/paralelo10\/files\/2014\/10\/P10_ser_crianca.jpg 448w, https:\/\/ultimato.com.br\/sites\/paralelo10\/files\/2014\/10\/P10_ser_crianca-300x176.jpg 300w, https:\/\/ultimato.com.br\/sites\/paralelo10\/files\/2014\/10\/P10_ser_crianca-150x88.jpg 150w\" sizes=\"auto, (max-width: 448px) 100vw, 448px\" \/><\/a>Por Higor Gon\u00e7alves<\/em><\/p>\n<p>O Nordeste brasileiro \u00e9 marcado por profundas desigualdades. Segundo n\u00fameros oficiais, a regi\u00e3o concentra o maior contingente de pessoas pobres do pa\u00eds; cen\u00e1rio onde as crian\u00e7as, na maioria dos casos, s\u00e3o as mais atingidas, sem a garantia de direitos b\u00e1sicos. Decidida a enfrentar essa triste realidade, a Diaconia lan\u00e7a a segunda edi\u00e7\u00e3o da &#8220;Campanha Ser Crian\u00e7a&#8221;, que vai apoiar meninos e meninas de fam\u00edlias que enfrentam situa\u00e7\u00e3o de vulnerabilidade social no Sert\u00e3o do Paje\u00fa, em Pernambuco, e no Oeste Potiguar, no Rio Grande do Norte.<\/p>\n<p>Com base no mote \u201cAjude a Diaconia a continuar defendendo e promovendo os direitos das crian\u00e7as\u201d, a iniciativa vai beneficiar, a partir de 2015, o trabalho da Igreja Evang\u00e9lica Livre de Afogados da Ingazeira (PE), que j\u00e1 desenvolve atividades de complementa\u00e7\u00e3o escolar, forma\u00e7\u00e3o educacional, recreativa, espiritual, esportiva e cultural com crian\u00e7as e adolescentes dos sete aos 14 anos.\u00a0<!--more--><\/p>\n<p>A Campanha &#8220;Ser Crian\u00e7a&#8221; deste ano tem ainda o prop\u00f3sito de continuar apoiando a a\u00e7\u00e3o com crian\u00e7as, na faixa et\u00e1ria dos cinco aos 12 anos, atendidas pelo Centro Presbiteriano de Apoio \u00e0 Crian\u00e7a (CEPAC), situado no munic\u00edpio sertanejo de Umarizal, no Oeste do Rio Grande do Norte. Os recursos arrecadados tamb\u00e9m ser\u00e3o destinados \u00e0 aquisi\u00e7\u00e3o de materiais did\u00e1tico, recreativo e esportivo; alimentos, fardamento e o custeio de sal\u00e1rios de educadores.<\/p>\n<p>Elaborada pelo setor de Mobiliza\u00e7\u00e3o de Recursos e Comunica\u00e7\u00e3o, em articula\u00e7\u00e3o com a Diretoria Executiva, a segunda edi\u00e7\u00e3o da Campanha &#8220;Ser Crian\u00e7a&#8221; acontece entre os meses de outubro e dezembro, encerrando-se no dia de Natal. A iniciativa envolver\u00e1 as quatro Unidades Territoriais da Diaconia: Sert\u00e3o do Paje\u00fa (PE), Oeste Potiguar (RN), e nas regi\u00f5es metropolitanas do Recife (PE) e de Fortaleza (CE). A proposta \u00e9 abranger comunidades crist\u00e3s, lideran\u00e7as de igrejas, volunt\u00e1rios, fornecedores, empresariado e sociedade geral.<\/p>\n<p>\u201cUm de nossos p\u00fablicos priorit\u00e1rios s\u00e3o as crian\u00e7as e os adolescentes em situa\u00e7\u00e3o de pobreza, porque s\u00e3o afetados diretamente pelos problemas sociais, tendo os seus direitos mais b\u00e1sicos negados. Para poder ampliar a nossa atua\u00e7\u00e3o junto a estes, promovemos a Campanha Ser Crian\u00e7a, cujo objetivo \u00e9 arrecadar recursos para a manuten\u00e7\u00e3o de atividades com crian\u00e7as e adolescentes nos territ\u00f3rios nos quais atuamos\u201d, explica o diretor executivo da Diaconia, Pastor Armindo Klumb. \u201cA colabora\u00e7\u00e3o de doadores contribuir\u00e1 para a concretiza\u00e7\u00e3o desta miss\u00e3o de resgate dos direitos e da vida plena de todos e todas\u201d, completa.<\/p>\n<p><strong>Como Doar?<\/strong><br \/>\nVoc\u00ea pode contribuir agora mesmo com a Campanha Ser Crian\u00e7a. Colabore, doando qualquer valor, atrav\u00e9s do Banco do Brasil, Ag\u00eancia 3234-4, Conta-Corrente 10.927-4<strong>.<\/strong> Para aqueles que n\u00e3o possuem conta no Banco do Brasil, e que desejam fazer sua doa\u00e7\u00e3o atrav\u00e9s de transfer\u00eancia banc\u00e1ria, \u00e9 necess\u00e1rio informar, al\u00e9m do n\u00famero da conta acima mencionada, o n\u00famero do Banco do Brasil <strong>(001),<\/strong> o nome da conta <strong>(&#8220;Diaconia Ser Crian\u00e7a&#8221;) <\/strong>e o CNPJ da ONG Diaconia: <strong>33.762.154\/0001-70.<\/strong><\/p>\n<p>&nbsp;<\/p>\n<p>&#8212; <strong>Higor Gon\u00e7alves<\/strong> \u00e9 assessor de comunica\u00e7\u00e3o da Diaconia.<\/p>\n<p>Fonte: <a href=\"http:\/\/www.diaconia.org.br\/novosite\/midia\/int.php?id=829\">http:\/\/www.diaconia.org.br\/novosite\/midia\/int.php?id=829<\/a><\/p>\n","protected":false},"excerpt":{"rendered":"<p>Por Higor Gon\u00e7alves O Nordeste brasileiro \u00e9 marcado por profundas desigualdades. Segundo n\u00fameros oficiais, a regi\u00e3o concentra o maior contingente de pessoas pobres do pa\u00eds; cen\u00e1rio onde as crian\u00e7as, na maioria dos casos, s\u00e3o as mais atingidas, sem a garantia de direitos b\u00e1sicos. Decidida a enfrentar essa triste realidade, a Diaconia lan\u00e7a a segunda edi\u00e7\u00e3o [&hellip;]<\/p>\n","protected":false},"author":2,"featured_media":0,"comment_status":"open","ping_status":"open","sticky":false,"template":"","format":"standard","meta":{"ngg_post_thumbnail":0,"footnotes":""},"categories":[6],"tags":[17284,61,183,34],"class_list":["post-3995","post","type-post","status-publish","format-standard","hentry","category-bom-tempero","tag-bom-tempero-2","tag-crianca","tag-diaconia","tag-nordeste"],"_links":{"self":[{"href":"https:\/\/ultimato.com.br\/sites\/paralelo10\/wp-json\/wp\/v2\/posts\/3995","targetHints":{"allow":["GET"]}}],"collection":[{"href":"https:\/\/ultimato.com.br\/sites\/paralelo10\/wp-json\/wp\/v2\/posts"}],"about":[{"href":"https:\/\/ultimato.com.br\/sites\/paralelo10\/wp-json\/wp\/v2\/types\/post"}],"author":[{"embeddable":true,"href":"https:\/\/ultimato.com.br\/sites\/paralelo10\/wp-json\/wp\/v2\/users\/2"}],"replies":[{"embeddable":true,"href":"https:\/\/ultimato.com.br\/sites\/paralelo10\/wp-json\/wp\/v2\/comments?post=3995"}],"version-history":[{"count":1,"href":"https:\/\/ultimato.com.br\/sites\/paralelo10\/wp-json\/wp\/v2\/posts\/3995\/revisions"}],"predecessor-version":[{"id":3997,"href":"https:\/\/ultimato.com.br\/sites\/paralelo10\/wp-json\/wp\/v2\/posts\/3995\/revisions\/3997"}],"wp:attachment":[{"href":"https:\/\/ultimato.com.br\/sites\/paralelo10\/wp-json\/wp\/v2\/media?parent=3995"}],"wp:term":[{"taxonomy":"category","embeddable":true,"href":"https:\/\/ultimato.com.br\/sites\/paralelo10\/wp-json\/wp\/v2\/categories?post=3995"},{"taxonomy":"post_tag","embeddable":true,"href":"https:\/\/ultimato.com.br\/sites\/paralelo10\/wp-json\/wp\/v2\/tags?post=3995"}],"curies":[{"name":"wp","href":"https:\/\/api.w.org\/{rel}","templated":true}]}}