{"id":3966,"date":"2014-09-17T00:00:04","date_gmt":"2014-09-17T03:00:04","guid":{"rendered":"http:\/\/ultimato.com.br\/sites\/paralelo10\/?p=3966"},"modified":"2014-09-16T13:51:46","modified_gmt":"2014-09-16T16:51:46","slug":"programa-radical-brasil-amazonia","status":"publish","type":"post","link":"https:\/\/ultimato.com.br\/sites\/paralelo10\/2014\/09\/programa-radical-brasil-amazonia\/","title":{"rendered":"Programa Radical Brasil Amaz\u00f4nia"},"content":{"rendered":"<p>A Junta de Miss\u00f5es Nacionais convida todos os jovens batistas com interesse em investir seus dons e talentos para evangelizar na Amaz\u00f4nia:\u00a0<a href=\"http:\/\/www.radicalbrasil.org\/\" target=\"_blank\">http:\/\/www.radicalbrasil.org\/<\/a><\/p>\n<p><a href=\"http:\/\/ultimato.com.br\/sites\/paralelo10\/files\/2014\/09\/p10_17_09_14_chamada_jbn.jpg\" class=\"lightview\" data-lightview-group=\"group-3966\" data-lightview-options=\"skin: 'dark', controls: 'relative', padding: '10', shadow: { color: '#000000', opacity: 0.08, blur: 3 }\"><img loading=\"lazy\" decoding=\"async\" class=\"aligncenter size-full wp-image-3967\" src=\"http:\/\/ultimato.com.br\/sites\/paralelo10\/files\/2014\/09\/p10_17_09_14_chamada_jbn.jpg\" alt=\"p10_17_09_14_chamada_jbn\" width=\"500\" height=\"668\" srcset=\"https:\/\/ultimato.com.br\/sites\/paralelo10\/files\/2014\/09\/p10_17_09_14_chamada_jbn.jpg 500w, https:\/\/ultimato.com.br\/sites\/paralelo10\/files\/2014\/09\/p10_17_09_14_chamada_jbn-224x300.jpg 224w, https:\/\/ultimato.com.br\/sites\/paralelo10\/files\/2014\/09\/p10_17_09_14_chamada_jbn-112x150.jpg 112w\" sizes=\"auto, (max-width: 500px) 100vw, 500px\" \/><\/a><\/p>\n<p>&nbsp;<\/p>\n","protected":false},"excerpt":{"rendered":"<p>A Junta de Miss\u00f5es Nacionais convida todos os jovens batistas com interesse em investir seus dons e talentos para evangelizar na Amaz\u00f4nia:\u00a0http:\/\/www.radicalbrasil.org\/ &nbsp;<\/p>\n","protected":false},"author":2,"featured_media":0,"comment_status":"open","ping_status":"open","sticky":false,"template":"","format":"standard","meta":{"ngg_post_thumbnail":0,"footnotes":""},"categories":[8],"tags":[11090,122,23209],"class_list":["post-3966","post","type-post","status-publish","format-standard","hentry","category-toro-de-palpites","tag-batistas","tag-norte","tag-toro-de-palpites"],"_links":{"self":[{"href":"https:\/\/ultimato.com.br\/sites\/paralelo10\/wp-json\/wp\/v2\/posts\/3966","targetHints":{"allow":["GET"]}}],"collection":[{"href":"https:\/\/ultimato.com.br\/sites\/paralelo10\/wp-json\/wp\/v2\/posts"}],"about":[{"href":"https:\/\/ultimato.com.br\/sites\/paralelo10\/wp-json\/wp\/v2\/types\/post"}],"author":[{"embeddable":true,"href":"https:\/\/ultimato.com.br\/sites\/paralelo10\/wp-json\/wp\/v2\/users\/2"}],"replies":[{"embeddable":true,"href":"https:\/\/ultimato.com.br\/sites\/paralelo10\/wp-json\/wp\/v2\/comments?post=3966"}],"version-history":[{"count":2,"href":"https:\/\/ultimato.com.br\/sites\/paralelo10\/wp-json\/wp\/v2\/posts\/3966\/revisions"}],"predecessor-version":[{"id":3969,"href":"https:\/\/ultimato.com.br\/sites\/paralelo10\/wp-json\/wp\/v2\/posts\/3966\/revisions\/3969"}],"wp:attachment":[{"href":"https:\/\/ultimato.com.br\/sites\/paralelo10\/wp-json\/wp\/v2\/media?parent=3966"}],"wp:term":[{"taxonomy":"category","embeddable":true,"href":"https:\/\/ultimato.com.br\/sites\/paralelo10\/wp-json\/wp\/v2\/categories?post=3966"},{"taxonomy":"post_tag","embeddable":true,"href":"https:\/\/ultimato.com.br\/sites\/paralelo10\/wp-json\/wp\/v2\/tags?post=3966"}],"curies":[{"name":"wp","href":"https:\/\/api.w.org\/{rel}","templated":true}]}}