{"id":3959,"date":"2014-09-10T08:26:50","date_gmt":"2014-09-10T11:26:50","guid":{"rendered":"http:\/\/ultimato.com.br\/sites\/paralelo10\/?p=3959"},"modified":"2014-09-10T08:26:50","modified_gmt":"2014-09-10T11:26:50","slug":"o-segundo-encontro","status":"publish","type":"post","link":"https:\/\/ultimato.com.br\/sites\/paralelo10\/2014\/09\/o-segundo-encontro\/","title":{"rendered":"O segundo encontro"},"content":{"rendered":"<p>O Paralelo 10 tem 22 representantes locais em diversas cidades do Norte e Nordeste. S\u00e3o pessoas que assumiram o compromisso de receber a revista Ultimato e outros materiais, e realizar encontros de discuss\u00e3o sobre os temas abordados. Aqui no blog temos v\u00e1rios testemunhos de como tem funcionado estes grupos, muita coisa boa est\u00e1 acontecendo (veja <a href=\"http:\/\/ultimato.com.br\/sites\/paralelo10\/2014\/08\/valdemar-alves-vieira-abencoado-e-abencoando\/\" target=\"_blank\">aqui<\/a>, <a href=\"http:\/\/ultimato.com.br\/sites\/paralelo10\/2014\/08\/grupo-leva-a-esperanca-do-evangelho-em-presidio-de-nova-cruz-rn\/\" target=\"_blank\">aqui<\/a>\u00a0e <a href=\"http:\/\/ultimato.com.br\/sites\/paralelo10\/2014\/06\/o-amor-nunca-deve-parar\/\" target=\"_blank\">aqui<\/a>). Estes irm\u00e3os e irm\u00e3s t\u00eam trabalhado num mesmo prop\u00f3sito, mas est\u00e3o muito distantes geograficamente.<\/p>\n<p>Daqui a algumas semanas parte desse grupo vai poder se encontrar e compartilhar suas experi\u00eancias, expectativas e frutos. O Paralelo 10 est\u00e1 contribuindo para a participa\u00e7\u00e3o de alguns representantes no <a href=\"http:\/\/ultimato.com.br\/sites\/paralelo10\/2014\/09\/congresso-alef-para-pastores-e-lideres-nordestinos\/\" target=\"_blank\">Congresso ALEF<\/a> para pastores e l\u00edderes e vamos aproveitar esta oportunidade para realizar este encontro de companheiros de miss\u00e3o. Que alegria poder reunir essa turma que tem feito um trabalho t\u00e3o aben\u00e7oador!<\/p>\n<p>Este n\u00e3o \u00e9 o primeiro encontro, em 2013 alguns representantes se reuniram com este mesmo prop\u00f3sito no <a href=\"http:\/\/ultimato.com.br\/sites\/paralelo10\/2013\/09\/entre-redes\/\" target=\"_blank\">Encontro Renas<\/a> em Fortaleza, CE.<\/p>\n<p>Pedimos a Deus que seja uma oportunidade de aprendizado para cada representante e que este encontro fortale\u00e7a seus cora\u00e7\u00f5es para continuarem essa miss\u00e3o&#8230; juntos, ainda que longe.<\/p>\n","protected":false},"excerpt":{"rendered":"<p>O Paralelo 10 tem 22 representantes locais em diversas cidades do Norte e Nordeste. S\u00e3o pessoas que assumiram o compromisso de receber a revista Ultimato e outros materiais, e realizar encontros de discuss\u00e3o sobre os temas abordados. Aqui no blog temos v\u00e1rios testemunhos de como tem funcionado estes grupos, muita coisa boa est\u00e1 acontecendo (veja [&hellip;]<\/p>\n","protected":false},"author":2,"featured_media":0,"comment_status":"open","ping_status":"open","sticky":false,"template":"","format":"standard","meta":{"ngg_post_thumbnail":0,"footnotes":""},"categories":[19290,7],"tags":[],"class_list":["post-3959","post","type-post","status-publish","format-standard","hentry","category-capacitando","category-noticias"],"_links":{"self":[{"href":"https:\/\/ultimato.com.br\/sites\/paralelo10\/wp-json\/wp\/v2\/posts\/3959","targetHints":{"allow":["GET"]}}],"collection":[{"href":"https:\/\/ultimato.com.br\/sites\/paralelo10\/wp-json\/wp\/v2\/posts"}],"about":[{"href":"https:\/\/ultimato.com.br\/sites\/paralelo10\/wp-json\/wp\/v2\/types\/post"}],"author":[{"embeddable":true,"href":"https:\/\/ultimato.com.br\/sites\/paralelo10\/wp-json\/wp\/v2\/users\/2"}],"replies":[{"embeddable":true,"href":"https:\/\/ultimato.com.br\/sites\/paralelo10\/wp-json\/wp\/v2\/comments?post=3959"}],"version-history":[{"count":1,"href":"https:\/\/ultimato.com.br\/sites\/paralelo10\/wp-json\/wp\/v2\/posts\/3959\/revisions"}],"predecessor-version":[{"id":3960,"href":"https:\/\/ultimato.com.br\/sites\/paralelo10\/wp-json\/wp\/v2\/posts\/3959\/revisions\/3960"}],"wp:attachment":[{"href":"https:\/\/ultimato.com.br\/sites\/paralelo10\/wp-json\/wp\/v2\/media?parent=3959"}],"wp:term":[{"taxonomy":"category","embeddable":true,"href":"https:\/\/ultimato.com.br\/sites\/paralelo10\/wp-json\/wp\/v2\/categories?post=3959"},{"taxonomy":"post_tag","embeddable":true,"href":"https:\/\/ultimato.com.br\/sites\/paralelo10\/wp-json\/wp\/v2\/tags?post=3959"}],"curies":[{"name":"wp","href":"https:\/\/api.w.org\/{rel}","templated":true}]}}