{"id":3891,"date":"2014-07-28T00:05:39","date_gmt":"2014-07-28T03:05:39","guid":{"rendered":"http:\/\/ultimato.com.br\/sites\/paralelo10\/?p=3891"},"modified":"2014-07-25T16:45:07","modified_gmt":"2014-07-25T19:45:07","slug":"missionarios-para-o-sertao-nordestino-desafios-capacitacao-e-evangelizacao-integral","status":"publish","type":"post","link":"https:\/\/ultimato.com.br\/sites\/paralelo10\/2014\/07\/missionarios-para-o-sertao-nordestino-desafios-capacitacao-e-evangelizacao-integral\/","title":{"rendered":"Mission\u00e1rios para o Sert\u00e3o Nordestino: desafios, capacita\u00e7\u00e3o e evangeliza\u00e7\u00e3o integral"},"content":{"rendered":"<p><a href=\"http:\/\/ultimato.com.br\/sites\/paralelo10\/files\/2014\/07\/P10_25_07_14_Livro_Missionarios_Sertao.jpg\" class=\"lightview\" data-lightview-group=\"group-3891\" data-lightview-options=\"skin: 'dark', controls: 'relative', padding: '10', shadow: { color: '#000000', opacity: 0.08, blur: 3 }\"><img loading=\"lazy\" decoding=\"async\" class=\"alignright size-full wp-image-3892\" alt=\"P10_25_07_14_Livro_Missionarios_Sertao\" src=\"http:\/\/ultimato.com.br\/sites\/paralelo10\/files\/2014\/07\/P10_25_07_14_Livro_Missionarios_Sertao.jpg\" width=\"300\" height=\"300\" srcset=\"https:\/\/ultimato.com.br\/sites\/paralelo10\/files\/2014\/07\/P10_25_07_14_Livro_Missionarios_Sertao.jpg 300w, https:\/\/ultimato.com.br\/sites\/paralelo10\/files\/2014\/07\/P10_25_07_14_Livro_Missionarios_Sertao-150x150.jpg 150w, https:\/\/ultimato.com.br\/sites\/paralelo10\/files\/2014\/07\/P10_25_07_14_Livro_Missionarios_Sertao-80x80.jpg 80w\" sizes=\"auto, (max-width: 300px) 100vw, 300px\" \/><\/a>A can\u00e7\u00e3o &#8220;Cora\u00e7\u00e3o Nordestino&#8221; abre o livro \u201cMission\u00e1rios para o Sert\u00e3o Nordestino\u201d e, de cara, j\u00e1 mostra a realidade e os desafios mission\u00e1rios para essa grande regi\u00e3o do Brasil, muitas vezes desconhecida para os pr\u00f3prios brasileiros.<\/p>\n<p>O autor destaca as transforma\u00e7\u00f5es que fazem parte do contexto do sert\u00e3o contempor\u00e2neo, como antena parab\u00f3lica, celular, motos, crack e o desaparecimento de marcas do sert\u00e3o como o carro de boi. Ildemar tamb\u00e9m nos leva \u00e0s ra\u00edzes hist\u00f3ricas da religiosidade popular sertaneja, passando por uma breve hist\u00f3ria da evangeliza\u00e7\u00e3o no nordeste onde at\u00e9 Lampi\u00e3o teve um curioso encontro com um jovem mission\u00e1rio em 1927.<\/p>\n<p>O livro aponta fatores pr\u00f3prios da regi\u00e3o que devem ser considerados para que um mission\u00e1rio consiga desenvolver uma atua\u00e7\u00e3o relevante e que frutos permanentes possam brotar dessas a\u00e7\u00f5es. Para isso o autor prop\u00f5e uma atua\u00e7\u00e3o integral e b\u00edblica tanto das igrejas quanto dos mission\u00e1rios que se apresentam para trabalhar nesse campo, a come\u00e7ar pela capacita\u00e7\u00e3o adequada dos enviados a essas \u00e1reas, incluindo princ\u00edpios de coopera\u00e7\u00e3o e parceria a fim de romper as barreiras do denominacionalismo e promover a unidade do Corpo de Cristo. A indisposi\u00e7\u00e3o para isso, em muitos casos, tem sido obst\u00e1culo \u00e0 expans\u00e3o da igreja.<!--more--><\/p>\n<p>A preocupa\u00e7\u00e3o social genu\u00edna \u00e9 um valor importante abordado no livro que deve abranger tanto a assist\u00eancia social quanto a a\u00e7\u00e3o social, sem divorci\u00e1-las. Embora cite as situa\u00e7\u00f5es do sert\u00e3o nordestino, esta \u00e9 uma quest\u00e3o nos leva a reflex\u00e3o e que ainda desafia grande parte do corpo de Cristo em todas as regi\u00f5es do Brasil.<\/p>\n<p>O livro promove e provoca n\u00e3o s\u00f3 a reflex\u00e3o, mas tamb\u00e9m a pr\u00e1tica de uma miss\u00e3o integral b\u00edblica e focada, sem desperd\u00edcio de tempo e recursos, onde parceiros (mission\u00e1rios, igrejas, ag\u00eancias, organiza\u00e7\u00f5es, crist\u00e3os), em unidade e com a ajuda do Esp\u00edrito Santo, sejam agentes de transforma\u00e7\u00f5es genu\u00ednas e nos convoca a clamar ao Senhor da seara para que mande mais trabalhadores para a seara dele, esse querido nordeste, do sert\u00e3o ao litoral.<\/p>\n<p>Trecho da m\u00fasica \u201cCora\u00e7\u00e3o Nordestino\u201d, gravada pela cantora Socorro Telles e pela banda Sal da Terra:<\/p>\n<blockquote><p>Nordestino querido voc\u00ea que me escuta<br \/>\nPelo Sert\u00e3o, pela cidade<br \/>\nJesus Cristo deseja encher tua vida<br \/>\nDe felicidade&#8230;<br \/>\nMeu Jesus morreu tamb\u00e9m pelo Nordeste, pelo Sert\u00e3o,<br \/>\nPelo Agreste, pelo sanfoneiro<br \/>\nPelo homem sem escola, homem sem vit\u00f3ria<br \/>\nPelo violeiro&#8230;<\/p><\/blockquote>\n<p>&nbsp;<\/p>\n<p>Ou\u00e7a a can\u00e7\u00e3o a seguir:<\/p>\n<p><iframe loading=\"lazy\" src=\"\/\/www.youtube.com\/embed\/x7khArvQOY4\" height=\"315\" width=\"420\" allowfullscreen=\"\" frameborder=\"0\"><\/iframe><\/p>\n<p>&nbsp;<\/p>\n<p><b>***<br \/>\nLivro: <\/b>Mission\u00e1rios Para o Sert\u00e3o Nordestino: Desafios, capacita\u00e7\u00e3o e evangeliza\u00e7\u00e3o integral<br \/>\n<b>Autor: <\/b>Pr. Ildemar Nunes de Medeiros<br \/>\nP\u00e1ginas: 160<br \/>\nBetel Publica\u00e7\u00f5es<br \/>\nAno: 2013<br \/>\n<a href=\"http:\/\/www.xn--betelpublicaes-rjb8t.com.br\/\" target=\"_blank\">www.betelpublica\u00e7\u00f5es.com.br<\/a><\/p>\n<p><b><br \/>\nSobre o autor:<br \/>\n<\/b>Pr. Ildemar Nunes de Medeiros \u00e9 diretor acad\u00eamico do Semin\u00e1rio Teol\u00f3gico da Miss\u00e3o JUVEP e professor de hermen\u00eautica, grego b\u00edblico e disciplinas na \u00e1rea de Miss\u00f5es. Cursa o mestrado em missiologia. \u00c9 casado com a mission\u00e1ria Ana Lurdes e pai de Ana Carolina e Matheus Henrique.<\/p>\n","protected":false},"excerpt":{"rendered":"<p>A can\u00e7\u00e3o &#8220;Cora\u00e7\u00e3o Nordestino&#8221; abre o livro \u201cMission\u00e1rios para o Sert\u00e3o Nordestino\u201d e, de cara, j\u00e1 mostra a realidade e os desafios mission\u00e1rios para essa grande regi\u00e3o do Brasil, muitas vezes desconhecida para os pr\u00f3prios brasileiros. O autor destaca as transforma\u00e7\u00f5es que fazem parte do contexto do sert\u00e3o contempor\u00e2neo, como antena parab\u00f3lica, celular, motos, crack [&hellip;]<\/p>\n","protected":false},"author":2,"featured_media":0,"comment_status":"open","ping_status":"open","sticky":false,"template":"","format":"standard","meta":{"ngg_post_thumbnail":0,"footnotes":""},"categories":[19290],"tags":[19291,29,34,94],"class_list":["post-3891","post","type-post","status-publish","format-standard","hentry","category-capacitando","tag-capacitando-2","tag-livro","tag-nordeste","tag-sertao"],"_links":{"self":[{"href":"https:\/\/ultimato.com.br\/sites\/paralelo10\/wp-json\/wp\/v2\/posts\/3891","targetHints":{"allow":["GET"]}}],"collection":[{"href":"https:\/\/ultimato.com.br\/sites\/paralelo10\/wp-json\/wp\/v2\/posts"}],"about":[{"href":"https:\/\/ultimato.com.br\/sites\/paralelo10\/wp-json\/wp\/v2\/types\/post"}],"author":[{"embeddable":true,"href":"https:\/\/ultimato.com.br\/sites\/paralelo10\/wp-json\/wp\/v2\/users\/2"}],"replies":[{"embeddable":true,"href":"https:\/\/ultimato.com.br\/sites\/paralelo10\/wp-json\/wp\/v2\/comments?post=3891"}],"version-history":[{"count":1,"href":"https:\/\/ultimato.com.br\/sites\/paralelo10\/wp-json\/wp\/v2\/posts\/3891\/revisions"}],"predecessor-version":[{"id":3893,"href":"https:\/\/ultimato.com.br\/sites\/paralelo10\/wp-json\/wp\/v2\/posts\/3891\/revisions\/3893"}],"wp:attachment":[{"href":"https:\/\/ultimato.com.br\/sites\/paralelo10\/wp-json\/wp\/v2\/media?parent=3891"}],"wp:term":[{"taxonomy":"category","embeddable":true,"href":"https:\/\/ultimato.com.br\/sites\/paralelo10\/wp-json\/wp\/v2\/categories?post=3891"},{"taxonomy":"post_tag","embeddable":true,"href":"https:\/\/ultimato.com.br\/sites\/paralelo10\/wp-json\/wp\/v2\/tags?post=3891"}],"curies":[{"name":"wp","href":"https:\/\/api.w.org\/{rel}","templated":true}]}}