{"id":3886,"date":"2014-07-23T11:19:42","date_gmt":"2014-07-23T14:19:42","guid":{"rendered":"http:\/\/ultimato.com.br\/sites\/paralelo10\/?p=3886"},"modified":"2014-07-23T11:20:14","modified_gmt":"2014-07-23T14:20:14","slug":"gratidao-privilegio-e-servico","status":"publish","type":"post","link":"https:\/\/ultimato.com.br\/sites\/paralelo10\/2014\/07\/gratidao-privilegio-e-servico\/","title":{"rendered":"Gratid\u00e3o, privil\u00e9gio e servi\u00e7o"},"content":{"rendered":"<p style=\"text-align: center;\"><em>Eu lhe ensinarei o caminho por onde voc\u00ea deve ir, eu vou guia-lo e orient\u00e1-lo. Sl.32.8<\/em><\/p>\n<div id=\"attachment_3887\" style=\"width: 368px\" class=\"wp-caption alignright\"><a href=\"http:\/\/ultimato.com.br\/sites\/paralelo10\/files\/2014\/07\/Gizelle_George.jpg\" class=\"lightview\" data-lightview-group=\"group-3886\" data-lightview-options=\"skin: 'dark', controls: 'relative', padding: '10', shadow: { color: '#000000', opacity: 0.08, blur: 3 }\"><img loading=\"lazy\" decoding=\"async\" aria-describedby=\"caption-attachment-3887\" class=\" wp-image-3887 \" alt=\"Gizelle com a B\u00edblia, e George com o viol\u00e3o. Ambos \u00e0 mesa com outros colegas do CEM.\" src=\"http:\/\/ultimato.com.br\/sites\/paralelo10\/files\/2014\/07\/Gizelle_George.jpg\" width=\"358\" height=\"269\" srcset=\"https:\/\/ultimato.com.br\/sites\/paralelo10\/files\/2014\/07\/Gizelle_George.jpg 512w, https:\/\/ultimato.com.br\/sites\/paralelo10\/files\/2014\/07\/Gizelle_George-300x225.jpg 300w, https:\/\/ultimato.com.br\/sites\/paralelo10\/files\/2014\/07\/Gizelle_George-150x112.jpg 150w\" sizes=\"auto, (max-width: 358px) 100vw, 358px\" \/><\/a><p id=\"caption-attachment-3887\" class=\"wp-caption-text\">Gizelle com a B\u00edblia, e George com o viol\u00e3o. Ambos \u00e0 mesa com outros colegas do CEM.<\/p><\/div>\n<p>Agradecemos a Deus pelo privil\u00e9gio de poder servi-lo, pelas oportunidades de aprender e poder falar do seu amor a aqueles que n\u00e3o o conhecem. Temos visto a bondade e fidelidade do Senhor desde quando chegamos em Vi\u00e7osa a fim de estudar no CEM (Centro Evang\u00e9lico de Miss\u00f5es). Apesar de dificuldades de adapta\u00e7\u00e3o (com rela\u00e7\u00e3o ao clima, alimenta\u00e7\u00e3o, etc), Deus nos deu sabedoria e perseveran\u00e7a para lidar em cada situa\u00e7\u00e3o.<\/p>\n<p>Encerramos recentemente nosso terceiro e pen\u00faltimo semestre no CEM e glorificamos a Deus pela grande oportunidade de estudarmos nessa escola de refer\u00eancia em miss\u00f5es e tamb\u00e9m pelo apoio que o\u00a0<b>Paralelo 10<\/b>\u00a0e\u00a0<b>Tearfund\u00a0<\/b>t\u00eam nos proporcionado. Tem sido um tempo de muito aprendizado, sobre Miss\u00e3o Integral, vida com Deus, vida em comunidade. No m\u00eas de maio, tivemos a oportunidade de junto com os demais alunos do CEM, participarmos de evangelismo<b>\u00a0<\/b>na Universidade Federal de Vi\u00e7osa (UFV), as principais estrat\u00e9gias foram o abra\u00e7o gr\u00e1tis, as visitas nos alojamentos para conversar e orar, o teatro e, no \u00faltimo dia, uma apresenta\u00e7\u00e3o musical. Os alunos e funcion\u00e1rios da UFV foram bem receptivos \u00e0s atividades e alguns entregaram suas vidas a Deus. O que marcou nesse semestre foram as possibilidades do trabalho transcultural em diversas na\u00e7\u00f5es e povos. As disciplinas mais missiol\u00f3gicas, como Comunica\u00e7\u00e3o Transcultural, Teologia B\u00edblica da Miss\u00e3o, Fenomenologia, Antropologia Mission\u00e1ria e outras, nos levaram para mais perto da realidade do \u201ccampo\u201d.<!--more--><\/p>\n<p>Outra oportunidade que tivemos foi de j\u00e1 nessa fase do treinamento, participarmos do Programa de Orienta\u00e7\u00e3o ao Candidato da Ag\u00eancia Pioneiros Brasil (sede em Recife), gancho da Pioneers International (<a href=\"http:\/\/www.pioneers.org\/\" target=\"_blank\">http:\/\/www.pioneers.org\/<\/a>). Conversamos com a lideran\u00e7a da miss\u00e3o, conhecemos quais as expectativas da ag\u00eancia quanto ao perfil de um mission\u00e1rio transcultural e tivemos \u00f3timas orienta\u00e7\u00f5es com rela\u00e7\u00e3o a um futuro campo e atua\u00e7\u00e3o ministerial. Agora ficamos na expectativa dos pr\u00f3ximos passos, conforme a vontade de Deus.<\/p>\n<p>Tivemos outra grata satisfa\u00e7\u00e3o nesse semestre: o direcionamento para o\u00a0Uruguai. Este \u00e9 o pa\u00eds pelo qual temos orado e Deus tem aberto as portas para passarmos pela \u00faltima fase do treinamento do CEM, o est\u00e1gio transcultural de 45 dias em outubro e novembro. O Uruguai \u00e9 um pa\u00eds conhecido como \u201ccemit\u00e9rio de mission\u00e1rios\u201d, onde a prega\u00e7\u00e3o do evangelho encontra barreiras devido ao secularismo e sua indiferen\u00e7a \u00e0 religi\u00e3o e a Deus, e onde o sucesso pessoal e a satisfa\u00e7\u00e3o dos pr\u00f3prios desejos s\u00e3o mais importantes. Estamos em contato com o pastor de uma congrega\u00e7\u00e3o em uma cidade pr\u00f3xima a Montevideu. Ele tem nos informado como podemos ajudar a igreja ali e nos falou que quatro igrejas j\u00e1 abriram e fecharam na mesma regi\u00e3o. Nos ajude, orando pelo Uruguai, pelo pastor e\u00a0fam\u00edlia e por nossa prepara\u00e7\u00e3o para chegarmos at\u00e9\u00a0l\u00e1, porque \u00a0\u201cNele vivemos, nos movemos e existimos.\u201d Atos 17.28a<\/p>\n<p>&nbsp;<\/p>\n<p><strong>\u2022 George e Gizelle Corr\u00eaa<\/strong>, naturais do Amazonas,\u00a0s\u00e3o mission\u00e1rios, alunos de Miss\u00e3o Integral do Centro Evang\u00e9lico de Miss\u00f5es (CEM). Gizelle \u00e9 nossa estagi\u00e1ria do Paralelo 10, aqui em Vi\u00e7osa (MG).<\/p>\n<p>&nbsp;<\/p>\n","protected":false},"excerpt":{"rendered":"<p>Eu lhe ensinarei o caminho por onde voc\u00ea deve ir, eu vou guia-lo e orient\u00e1-lo. Sl.32.8 Agradecemos a Deus pelo privil\u00e9gio de poder servi-lo, pelas oportunidades de aprender e poder falar do seu amor a aqueles que n\u00e3o o conhecem. Temos visto a bondade e fidelidade do Senhor desde quando chegamos em Vi\u00e7osa a fim [&hellip;]<\/p>\n","protected":false},"author":2,"featured_media":0,"comment_status":"open","ping_status":"open","sticky":false,"template":"","format":"standard","meta":{"ngg_post_thumbnail":0,"footnotes":""},"categories":[95],"tags":[91,5350,23106,80,23107,122],"class_list":["post-3886","post","type-post","status-publish","format-standard","hentry","category-testemunhos","tag-cem","tag-chamado","tag-gizelle","tag-missoes","tag-missoes-transculturais","tag-norte"],"_links":{"self":[{"href":"https:\/\/ultimato.com.br\/sites\/paralelo10\/wp-json\/wp\/v2\/posts\/3886","targetHints":{"allow":["GET"]}}],"collection":[{"href":"https:\/\/ultimato.com.br\/sites\/paralelo10\/wp-json\/wp\/v2\/posts"}],"about":[{"href":"https:\/\/ultimato.com.br\/sites\/paralelo10\/wp-json\/wp\/v2\/types\/post"}],"author":[{"embeddable":true,"href":"https:\/\/ultimato.com.br\/sites\/paralelo10\/wp-json\/wp\/v2\/users\/2"}],"replies":[{"embeddable":true,"href":"https:\/\/ultimato.com.br\/sites\/paralelo10\/wp-json\/wp\/v2\/comments?post=3886"}],"version-history":[{"count":2,"href":"https:\/\/ultimato.com.br\/sites\/paralelo10\/wp-json\/wp\/v2\/posts\/3886\/revisions"}],"predecessor-version":[{"id":3889,"href":"https:\/\/ultimato.com.br\/sites\/paralelo10\/wp-json\/wp\/v2\/posts\/3886\/revisions\/3889"}],"wp:attachment":[{"href":"https:\/\/ultimato.com.br\/sites\/paralelo10\/wp-json\/wp\/v2\/media?parent=3886"}],"wp:term":[{"taxonomy":"category","embeddable":true,"href":"https:\/\/ultimato.com.br\/sites\/paralelo10\/wp-json\/wp\/v2\/categories?post=3886"},{"taxonomy":"post_tag","embeddable":true,"href":"https:\/\/ultimato.com.br\/sites\/paralelo10\/wp-json\/wp\/v2\/tags?post=3886"}],"curies":[{"name":"wp","href":"https:\/\/api.w.org\/{rel}","templated":true}]}}