{"id":3854,"date":"2014-07-07T00:06:42","date_gmt":"2014-07-07T03:06:42","guid":{"rendered":"http:\/\/ultimato.com.br\/sites\/paralelo10\/?p=3854"},"modified":"2014-06-27T11:11:52","modified_gmt":"2014-06-27T14:11:52","slug":"2o-congresso-nacional-de-evangelizacao-do-sertao-nordestino","status":"publish","type":"post","link":"https:\/\/ultimato.com.br\/sites\/paralelo10\/2014\/07\/2o-congresso-nacional-de-evangelizacao-do-sertao-nordestino\/","title":{"rendered":"2\u00ba Congresso Nacional de Evangeliza\u00e7\u00e3o do Sert\u00e3o Nordestino"},"content":{"rendered":"<p><a href=\"http:\/\/ultimato.com.br\/sites\/paralelo10\/files\/2014\/06\/P10_Movimento_Nac_Evang_Sertao.jpg\" class=\"lightview\" data-lightview-group=\"group-3854\" data-lightview-options=\"skin: 'dark', controls: 'relative', padding: '10', shadow: { color: '#000000', opacity: 0.08, blur: 3 }\"><img loading=\"lazy\" decoding=\"async\" class=\"aligncenter size-full wp-image-3855\" alt=\"P10_Movimento_Nac_Evang_Sertao\" src=\"http:\/\/ultimato.com.br\/sites\/paralelo10\/files\/2014\/06\/P10_Movimento_Nac_Evang_Sertao.jpg\" width=\"598\" height=\"201\" srcset=\"https:\/\/ultimato.com.br\/sites\/paralelo10\/files\/2014\/06\/P10_Movimento_Nac_Evang_Sertao.jpg 598w, https:\/\/ultimato.com.br\/sites\/paralelo10\/files\/2014\/06\/P10_Movimento_Nac_Evang_Sertao-300x100.jpg 300w, https:\/\/ultimato.com.br\/sites\/paralelo10\/files\/2014\/06\/P10_Movimento_Nac_Evang_Sertao-150x50.jpg 150w\" sizes=\"auto, (max-width: 598px) 100vw, 598px\" \/><\/a><\/p>\n<p>O objetivo desse congresso \u00e9 conseguir estabelecer parcerias entre os que est\u00e3o plantando igrejas ou obras sociais no Sert\u00e3o Nordestino, e que precisam de apoio financeiro, e igrejas que tenham condi\u00e7\u00f5es financeiras para isso. Os organizadores querem reunir aproximadamente 100 obreiros do sert\u00e3o nordestino.<\/p>\n<p>Data: 25 a 28 de agosto, em Juazeiro do Norte (CE)<\/p>\n<p>Mais informa\u00e7\u00f5es:\u00a0<a href=\"http:\/\/www.movimentoevangelizasertao.com.br\/\">http:\/\/www.movimentoevangelizasertao.com.br<\/a><\/p>\n","protected":false},"excerpt":{"rendered":"<p>O objetivo desse congresso \u00e9 conseguir estabelecer parcerias entre os que est\u00e3o plantando igrejas ou obras sociais no Sert\u00e3o Nordestino, e que precisam de apoio financeiro, e igrejas que tenham condi\u00e7\u00f5es financeiras para isso. Os organizadores querem reunir aproximadamente 100 obreiros do sert\u00e3o nordestino. Data: 25 a 28 de agosto, em Juazeiro do Norte (CE) [&hellip;]<\/p>\n","protected":false},"author":2,"featured_media":0,"comment_status":"open","ping_status":"open","sticky":false,"template":"","format":"standard","meta":{"ngg_post_thumbnail":0,"footnotes":""},"categories":[1],"tags":[34,94],"class_list":["post-3854","post","type-post","status-publish","format-standard","hentry","category-uncategorized","tag-nordeste","tag-sertao"],"_links":{"self":[{"href":"https:\/\/ultimato.com.br\/sites\/paralelo10\/wp-json\/wp\/v2\/posts\/3854","targetHints":{"allow":["GET"]}}],"collection":[{"href":"https:\/\/ultimato.com.br\/sites\/paralelo10\/wp-json\/wp\/v2\/posts"}],"about":[{"href":"https:\/\/ultimato.com.br\/sites\/paralelo10\/wp-json\/wp\/v2\/types\/post"}],"author":[{"embeddable":true,"href":"https:\/\/ultimato.com.br\/sites\/paralelo10\/wp-json\/wp\/v2\/users\/2"}],"replies":[{"embeddable":true,"href":"https:\/\/ultimato.com.br\/sites\/paralelo10\/wp-json\/wp\/v2\/comments?post=3854"}],"version-history":[{"count":1,"href":"https:\/\/ultimato.com.br\/sites\/paralelo10\/wp-json\/wp\/v2\/posts\/3854\/revisions"}],"predecessor-version":[{"id":3856,"href":"https:\/\/ultimato.com.br\/sites\/paralelo10\/wp-json\/wp\/v2\/posts\/3854\/revisions\/3856"}],"wp:attachment":[{"href":"https:\/\/ultimato.com.br\/sites\/paralelo10\/wp-json\/wp\/v2\/media?parent=3854"}],"wp:term":[{"taxonomy":"category","embeddable":true,"href":"https:\/\/ultimato.com.br\/sites\/paralelo10\/wp-json\/wp\/v2\/categories?post=3854"},{"taxonomy":"post_tag","embeddable":true,"href":"https:\/\/ultimato.com.br\/sites\/paralelo10\/wp-json\/wp\/v2\/tags?post=3854"}],"curies":[{"name":"wp","href":"https:\/\/api.w.org\/{rel}","templated":true}]}}