{"id":3771,"date":"2014-05-30T09:47:25","date_gmt":"2014-05-30T12:47:25","guid":{"rendered":"http:\/\/ultimato.com.br\/sites\/paralelo10\/?p=3771"},"modified":"2014-05-30T10:28:20","modified_gmt":"2014-05-30T13:28:20","slug":"ore-por-nossas-criancas","status":"publish","type":"post","link":"https:\/\/ultimato.com.br\/sites\/paralelo10\/2014\/05\/ore-por-nossas-criancas\/","title":{"rendered":"Ore por nossas crian\u00e7as!"},"content":{"rendered":"<div id=\"attachment_3772\" style=\"width: 536px\" class=\"wp-caption aligncenter\"><a href=\"http:\/\/ultimato.com.br\/sites\/paralelo10\/files\/2014\/05\/P10_30_05_14_Crianca_amazonia.jpg\" class=\"lightview\" data-lightview-group=\"group-3771\" data-lightview-options=\"skin: 'dark', controls: 'relative', padding: '10', shadow: { color: '#000000', opacity: 0.08, blur: 3 }\"><img loading=\"lazy\" decoding=\"async\" aria-describedby=\"caption-attachment-3772\" class=\"size-full wp-image-3772\" alt=\"UNICEF\/BRZ\/Mila Petrillo\" src=\"http:\/\/ultimato.com.br\/sites\/paralelo10\/files\/2014\/05\/P10_30_05_14_Crianca_amazonia.jpg\" width=\"526\" height=\"347\" srcset=\"https:\/\/ultimato.com.br\/sites\/paralelo10\/files\/2014\/05\/P10_30_05_14_Crianca_amazonia.jpg 526w, https:\/\/ultimato.com.br\/sites\/paralelo10\/files\/2014\/05\/P10_30_05_14_Crianca_amazonia-300x197.jpg 300w, https:\/\/ultimato.com.br\/sites\/paralelo10\/files\/2014\/05\/P10_30_05_14_Crianca_amazonia-150x98.jpg 150w\" sizes=\"auto, (max-width: 526px) 100vw, 526px\" \/><\/a><p id=\"caption-attachment-3772\" class=\"wp-caption-text\">UNICEF\/BRZ\/Mila Petrillo<\/p><\/div>\n<p>Quase 11 milh\u00f5es de crian\u00e7as e adolescentes vivem no Semi-\u00e1rido<sup>1<\/sup> brasileiro. \u00c9 uma popula\u00e7\u00e3o mais jovem do que a m\u00e9dia brasileira, mas com o futuro comprometido pelos graves indicadores sociais. Em 95% das cidades do Semi-\u00e1rido, a taxa de mortalidade infantil \u00e9 superior \u00e0 m\u00e9dia nacional<sup>2<\/sup>.<\/p>\n<p>J\u00e1 a regi\u00e3o Norte do Brasil possui 2,3 milh\u00f5es de crian\u00e7as com menos de 7 anos de idade. Mas a qualidade da aten\u00e7\u00e3o que essas crian\u00e7as recebem n\u00e3o \u00e9 proporcional \u00e0 sua import\u00e2ncia demogr\u00e1fica. Enquanto no Brasil inteiro, 21,3% das crian\u00e7as de 0 a 6 anos frequentavam creches ou pr\u00e9-escolas no ano 2000, na Regi\u00e3o Norte, onde 22,9% dos lares s\u00e3o chefiados por mulheres, o percentual era de 14,2%<sup>3<\/sup>.<\/p>\n<p>Apenas estas informa\u00e7\u00f5es j\u00e1 nos dariam motivos suficientes para mobilizarmos a igreja crist\u00e3 em torno da prote\u00e7\u00e3o das crian\u00e7as. Mas quando olhamos para a situa\u00e7\u00e3o das crian\u00e7as no mundo, o desafio \u00e9 muito maior. Alguns dados: de acordo com as Na\u00e7\u00f5es Unidas, no mundo hoje, um ter\u00e7o de todos os nascimentos n\u00e3o s\u00e3o registrados, o primeiro e mais b\u00e1sico direito. Al\u00e9m disso, 115 milh\u00f5es de crian\u00e7as trabalham em situa\u00e7\u00f5es perigosas, 61 milh\u00f5es de crian\u00e7as em idade do ensino fundamental n\u00e3o v\u00e3o \u00e0 escola e 275 milh\u00f5es testemunham viol\u00eancia dom\u00e9stica a cada ano.<\/p>\n<p>O que podemos fazer? Por onde come\u00e7ar? As perguntas n\u00e3o s\u00e3o f\u00e1ceis, mas as respostas carecem de urg\u00eancia.<\/p>\n<p>Talvez o primeiro passo seja orar \u2013 n\u00e3o como \u201cfuga\u201d ou in\u00e9rcia, mas como uma tentativa de ouvir Deus e de responder honestamente a ele.<\/p>\n<p>Por isso, desafiamos todos os leitores e leitoras do blog Paralelo 10 para juntarem-se ao <strong>19\u00ba Mutir\u00e3o Mundial de Ora\u00e7\u00e3o pelas Crian\u00e7as e Adolescentes Socialmente Vulner\u00e1veis<\/strong>. A campanha \u00e9 mundial e no Brasil \u00e9 liderada pela Rede M\u00e3os Dadas, em parceria com a RENAS e demais organiza\u00e7\u00f5es. Acontece sempre no primeiro fim de semana de junho (neste ano, ser\u00e1 nos dias 6, 7 e 8).<\/p>\n<p>Mobilize seu grupo, seus colegas de trabalho, sua igreja, seu bairro, sua cidade. Junte-se a outros grupos que participar\u00e3o do Mutir\u00e3o.<\/p>\n<p style=\"text-align: left;\"><span style=\"color: #ff6600;\"><b>\u00a0 \u00a0 \u00a0 &gt;&gt; Leia a not\u00edcia completa sobre o 19\u00ba Mutir\u00e3o de Ora\u00e7\u00e3o <\/b><\/span><a href=\"http:\/\/www.ultimato.com.br\/conteudo\/19-mutirao-mundial-de-oracao-pelas-criancas\"><b>aqui<\/b><\/a><b>.<\/b><\/p>\n<p style=\"text-align: left;\"><span style=\"color: #ff6600;\"><b>\u00a0 \u00a0 \u00a0 &gt;&gt; Baixe os recursos did\u00e1ticos para voc\u00ea realizar a campanha <\/b><\/span><a href=\"http:\/\/www.redemaosdadas.org\/mutirao-mundial-de-oracao\/\"><b>aqui<\/b><\/a><b>.<\/b><\/p>\n<p>&nbsp;<\/p>\n<p><strong>Notas:<\/strong><br \/>\n1. A regi\u00e3o semi-\u00e1rida do Brasil \u00e9 identificada em 11 estados (quase todos no Nordeste), com uma popula\u00e7\u00e3o de 26,4 milh\u00f5es, com aproximadamente 11 milh\u00f5es de crian\u00e7as e adolescentes.<br \/>\n2. Relat\u00f3rio <a href=\"http:\/\/www.unicef.org\/brazil\/pt\/resources_10346.htm\">\u201cCrian\u00e7as e Adolescentes no Semi-\u00e1rido Brasileiro 2003\u201d<\/a> (Unicef).<br \/>\n3. <a href=\"http:\/\/www.unicef.org\/brazil\/pt\/ser_crianca_amazonia.pdf\">\u201cSer Crian\u00e7a na Amaz\u00f4nia\u201d<\/a>, Unicef, 2004.<\/p>\n","protected":false},"excerpt":{"rendered":"<p>Quase 11 milh\u00f5es de crian\u00e7as e adolescentes vivem no Semi-\u00e1rido1 brasileiro. \u00c9 uma popula\u00e7\u00e3o mais jovem do que a m\u00e9dia brasileira, mas com o futuro comprometido pelos graves indicadores sociais. Em 95% das cidades do Semi-\u00e1rido, a taxa de mortalidade infantil \u00e9 superior \u00e0 m\u00e9dia nacional2. J\u00e1 a regi\u00e3o Norte do Brasil possui 2,3 milh\u00f5es [&hellip;]<\/p>\n","protected":false},"author":2,"featured_media":0,"comment_status":"open","ping_status":"open","sticky":false,"template":"","format":"standard","meta":{"ngg_post_thumbnail":0,"footnotes":""},"categories":[1],"tags":[15,129,34,122,124],"class_list":["post-3771","post","type-post","status-publish","format-standard","hentry","category-uncategorized","tag-criancas","tag-mutirao-de-oracao","tag-nordeste","tag-norte","tag-oracao"],"_links":{"self":[{"href":"https:\/\/ultimato.com.br\/sites\/paralelo10\/wp-json\/wp\/v2\/posts\/3771","targetHints":{"allow":["GET"]}}],"collection":[{"href":"https:\/\/ultimato.com.br\/sites\/paralelo10\/wp-json\/wp\/v2\/posts"}],"about":[{"href":"https:\/\/ultimato.com.br\/sites\/paralelo10\/wp-json\/wp\/v2\/types\/post"}],"author":[{"embeddable":true,"href":"https:\/\/ultimato.com.br\/sites\/paralelo10\/wp-json\/wp\/v2\/users\/2"}],"replies":[{"embeddable":true,"href":"https:\/\/ultimato.com.br\/sites\/paralelo10\/wp-json\/wp\/v2\/comments?post=3771"}],"version-history":[{"count":3,"href":"https:\/\/ultimato.com.br\/sites\/paralelo10\/wp-json\/wp\/v2\/posts\/3771\/revisions"}],"predecessor-version":[{"id":3775,"href":"https:\/\/ultimato.com.br\/sites\/paralelo10\/wp-json\/wp\/v2\/posts\/3771\/revisions\/3775"}],"wp:attachment":[{"href":"https:\/\/ultimato.com.br\/sites\/paralelo10\/wp-json\/wp\/v2\/media?parent=3771"}],"wp:term":[{"taxonomy":"category","embeddable":true,"href":"https:\/\/ultimato.com.br\/sites\/paralelo10\/wp-json\/wp\/v2\/categories?post=3771"},{"taxonomy":"post_tag","embeddable":true,"href":"https:\/\/ultimato.com.br\/sites\/paralelo10\/wp-json\/wp\/v2\/tags?post=3771"}],"curies":[{"name":"wp","href":"https:\/\/api.w.org\/{rel}","templated":true}]}}