{"id":3768,"date":"2014-05-28T09:42:45","date_gmt":"2014-05-28T12:42:45","guid":{"rendered":"http:\/\/ultimato.com.br\/sites\/paralelo10\/?p=3768"},"modified":"2014-05-28T09:42:45","modified_gmt":"2014-05-28T12:42:45","slug":"renas-sergipe-vai-realizar-encontro-estadual","status":"publish","type":"post","link":"https:\/\/ultimato.com.br\/sites\/paralelo10\/2014\/05\/renas-sergipe-vai-realizar-encontro-estadual\/","title":{"rendered":"RENAS Sergipe vai realizar encontro estadual"},"content":{"rendered":"<p><a href=\"http:\/\/ultimato.com.br\/sites\/paralelo10\/files\/2014\/05\/renas_se_reduz.jpg\" class=\"lightview\" data-lightview-group=\"group-3768\" data-lightview-options=\"skin: 'dark', controls: 'relative', padding: '10', shadow: { color: '#000000', opacity: 0.08, blur: 3 }\"><img loading=\"lazy\" decoding=\"async\" class=\"alignright size-full wp-image-3769\" alt=\"renas_se_reduz\" src=\"http:\/\/ultimato.com.br\/sites\/paralelo10\/files\/2014\/05\/renas_se_reduz.jpg\" width=\"339\" height=\"299\" srcset=\"https:\/\/ultimato.com.br\/sites\/paralelo10\/files\/2014\/05\/renas_se_reduz.jpg 339w, https:\/\/ultimato.com.br\/sites\/paralelo10\/files\/2014\/05\/renas_se_reduz-300x264.jpg 300w, https:\/\/ultimato.com.br\/sites\/paralelo10\/files\/2014\/05\/renas_se_reduz-150x132.jpg 150w\" sizes=\"auto, (max-width: 339px) 100vw, 339px\" \/><\/a>A Rede Evang\u00e9lica de A\u00e7\u00e3o Social de Sergipe (RENAS Sergipe) vai realizar um encontro estadual nesta sexta e s\u00e1bado (30 e 31 de maio) na Igreja Presbiteriana Independente de Aracaju. Com o tema \u201cPor uma igreja relevante: da palavra \u00e0 a\u00e7\u00e3o\u201d, o encontro prop\u00f5e a reflex\u00e3o sobre a fun\u00e7\u00e3o da igreja de Cristo e um reposicionamento dos crist\u00e3os frente \u00e0s injusti\u00e7as.<\/p>\n<p>\u201cEsperamos que, ao final do evento, o Esp\u00edrito Santo fale aos nossos cora\u00e7\u00f5es e nos desperte e encoraje para manifestarmos a Gra\u00e7a e o amor de Deus para aqueles que est\u00e3o aflitos e oprimidos\u201d, disse Magno Correia, um dos coordenadores do evento.<\/p>\n<p>Ser\u00e1 preletor do evento Leandro Silva, um dos l\u00edderes da Rede ALEF, de Natal (RN). Leandro trabalha pela coopera\u00e7\u00e3o entre lideran\u00e7as em Felipe Camar\u00e3o, um em um dos bairros mais desiguais da cidade de Natal. Outro preletor ser\u00e1 Jorge dos Santos, atual coordenador da\u00a0RENAS-SE e fundador e colaborador do Projeto Resgate que atua na \u00e1rea de apoio a dependentes qu\u00edmicos e suas fam\u00edlias.<\/p>\n<p>As inscri\u00e7\u00f5es s\u00e3o gratuitas e podem ser feitas via e-mail (<a href=\"mailto:renassergipe@yahoo.com.br\" target=\"_blank\">renassergipe@yahoo.com.br<\/a>), nas igrejas locais e no momento do evento.<\/p>\n<p>O encontro conta com o apoio da Conven\u00e7\u00e3o Batista Sergipana, UMESE (Uni\u00e3o de Ministros Evang\u00e9licos de\u00a0Sergipe\u00a0\/ Aracaju), ABUB (Alian\u00e7a B\u00edblica Universit\u00e1ria do Brasil), ABP (Alian\u00e7a B\u00edblica de Profissionais), Igreja Presbiteriana Independente de Aracaju, CPA (Comunidade Presbiteriana de Aracaju), Presbit\u00e9rio\u00a0Sergipe\u00a0e Presbit\u00e9rio\u00a0Sergipe\u00a0SUL e Livraria Planeta Gospel.<\/p>\n<p><b>Servi\u00e7o:<\/b><\/p>\n<p>Encontro Estadual da RENAS Sergipe<br \/>\nTema: Por uma igreja relevante: da palavra \u00e0 a\u00e7\u00e3o<br \/>\nLocal: Igreja Presbiteriana Independente de Aracaju, situada \u00e0 Av. Sime\u00e3o Sobral, 864 &#8211; bairro Santo Ant\u00f4nio.<br \/>\nData: 30 e 31 de maio.<br \/>\nInforma\u00e7\u00f5es: <a href=\"mailto:renassergipe@yahoo.com.br\" target=\"_blank\">renassergipe@yahoo.com.br<\/a><\/p>\n<p>&nbsp;<\/p>\n","protected":false},"excerpt":{"rendered":"<p>A Rede Evang\u00e9lica de A\u00e7\u00e3o Social de Sergipe (RENAS Sergipe) vai realizar um encontro estadual nesta sexta e s\u00e1bado (30 e 31 de maio) na Igreja Presbiteriana Independente de Aracaju. Com o tema \u201cPor uma igreja relevante: da palavra \u00e0 a\u00e7\u00e3o\u201d, o encontro prop\u00f5e a reflex\u00e3o sobre a fun\u00e7\u00e3o da igreja de Cristo e um [&hellip;]<\/p>\n","protected":false},"author":2,"featured_media":0,"comment_status":"open","ping_status":"open","sticky":false,"template":"","format":"standard","meta":{"ngg_post_thumbnail":0,"footnotes":""},"categories":[1],"tags":[43,23207,26,34,71],"class_list":["post-3768","post","type-post","status-publish","format-standard","hentry","category-uncategorized","tag-acao-social","tag-uncategorized","tag-missao-integral","tag-nordeste","tag-renas"],"_links":{"self":[{"href":"https:\/\/ultimato.com.br\/sites\/paralelo10\/wp-json\/wp\/v2\/posts\/3768","targetHints":{"allow":["GET"]}}],"collection":[{"href":"https:\/\/ultimato.com.br\/sites\/paralelo10\/wp-json\/wp\/v2\/posts"}],"about":[{"href":"https:\/\/ultimato.com.br\/sites\/paralelo10\/wp-json\/wp\/v2\/types\/post"}],"author":[{"embeddable":true,"href":"https:\/\/ultimato.com.br\/sites\/paralelo10\/wp-json\/wp\/v2\/users\/2"}],"replies":[{"embeddable":true,"href":"https:\/\/ultimato.com.br\/sites\/paralelo10\/wp-json\/wp\/v2\/comments?post=3768"}],"version-history":[{"count":1,"href":"https:\/\/ultimato.com.br\/sites\/paralelo10\/wp-json\/wp\/v2\/posts\/3768\/revisions"}],"predecessor-version":[{"id":3770,"href":"https:\/\/ultimato.com.br\/sites\/paralelo10\/wp-json\/wp\/v2\/posts\/3768\/revisions\/3770"}],"wp:attachment":[{"href":"https:\/\/ultimato.com.br\/sites\/paralelo10\/wp-json\/wp\/v2\/media?parent=3768"}],"wp:term":[{"taxonomy":"category","embeddable":true,"href":"https:\/\/ultimato.com.br\/sites\/paralelo10\/wp-json\/wp\/v2\/categories?post=3768"},{"taxonomy":"post_tag","embeddable":true,"href":"https:\/\/ultimato.com.br\/sites\/paralelo10\/wp-json\/wp\/v2\/tags?post=3768"}],"curies":[{"name":"wp","href":"https:\/\/api.w.org\/{rel}","templated":true}]}}