{"id":3666,"date":"2014-04-23T09:27:36","date_gmt":"2014-04-23T12:27:36","guid":{"rendered":"http:\/\/ultimato.com.br\/sites\/paralelo10\/?p=3666"},"modified":"2014-04-23T09:30:45","modified_gmt":"2014-04-23T12:30:45","slug":"para-celebrar-os-indigenas","status":"publish","type":"post","link":"https:\/\/ultimato.com.br\/sites\/paralelo10\/2014\/04\/para-celebrar-os-indigenas\/","title":{"rendered":"Para celebrar os ind\u00edgenas"},"content":{"rendered":"<p style=\"text-align: center;\"><a href=\"http:\/\/ultimato.com.br\/sites\/paralelo10\/files\/2014\/04\/meib_celebracao_indigena21.jpg\" class=\"lightview\" data-lightview-group=\"group-3666\" data-lightview-options=\"skin: 'dark', controls: 'relative', padding: '10', shadow: { color: '#000000', opacity: 0.08, blur: 3 }\"><img loading=\"lazy\" decoding=\"async\" class=\"size-full wp-image-3672 aligncenter\" alt=\"meib_celebracao_indigena2\" src=\"http:\/\/ultimato.com.br\/sites\/paralelo10\/files\/2014\/04\/meib_celebracao_indigena21.jpg\" width=\"768\" height=\"326\" srcset=\"https:\/\/ultimato.com.br\/sites\/paralelo10\/files\/2014\/04\/meib_celebracao_indigena21.jpg 768w, https:\/\/ultimato.com.br\/sites\/paralelo10\/files\/2014\/04\/meib_celebracao_indigena21-300x127.jpg 300w, https:\/\/ultimato.com.br\/sites\/paralelo10\/files\/2014\/04\/meib_celebracao_indigena21-150x63.jpg 150w\" sizes=\"auto, (max-width: 768px) 100vw, 768px\" \/><\/a><\/p>\n<p>No\u00a0pr\u00f3ximo s\u00e1bado (26) vai acontecer em Bel\u00e9m (PA) um encontro evang\u00e9lico com o foco nos desafios mission\u00e1rios entre os ind\u00edgenas do Brasil. O \u201cCelebra\u00e7\u00e3o Ind\u00edgena\u201d, organizado pela MEIB (Miss\u00e3o Evang\u00e9lica aos \u00cdndios do Brasil), acontece todos os anos na cidade e desta vez dar\u00e1 destaque para o povo Kaiap\u00f3. Na ocasi\u00e3o, tamb\u00e9m ser\u00e1 feito o lan\u00e7amento do livro \u201cO Cacique, a Cigarra e Eu \u2013 a hist\u00f3ria dos primeiros mission\u00e1rios a chegarem numa aldeia Kaiap\u00f3\u201d, escrito por Dale Snyder.<\/p>\n<p>Divulgue, ore e participe!<\/p>\n<p style=\"text-align: center;\"><a href=\"http:\/\/ultimato.com.br\/sites\/paralelo10\/files\/2014\/04\/meib_celebracao_indigena.jpg\" class=\"lightview\" data-lightview-group=\"group-3666\" data-lightview-options=\"skin: 'dark', controls: 'relative', padding: '10', shadow: { color: '#000000', opacity: 0.08, blur: 3 }\"><img loading=\"lazy\" decoding=\"async\" class=\"size-full wp-image-3669 aligncenter\" alt=\"meib_celebracao_indigena\" src=\"http:\/\/ultimato.com.br\/sites\/paralelo10\/files\/2014\/04\/meib_celebracao_indigena.jpg\" width=\"480\" height=\"290\" srcset=\"https:\/\/ultimato.com.br\/sites\/paralelo10\/files\/2014\/04\/meib_celebracao_indigena.jpg 480w, https:\/\/ultimato.com.br\/sites\/paralelo10\/files\/2014\/04\/meib_celebracao_indigena-300x181.jpg 300w, https:\/\/ultimato.com.br\/sites\/paralelo10\/files\/2014\/04\/meib_celebracao_indigena-150x90.jpg 150w\" sizes=\"auto, (max-width: 480px) 100vw, 480px\" \/><\/a><\/p>\n<div class=\"fb-post\" data-href=\"https:\/\/www.facebook.com\/photo.php?v=481036048691476\" data-width=\"466\"><\/div>\n","protected":false},"excerpt":{"rendered":"<p>No\u00a0pr\u00f3ximo s\u00e1bado (26) vai acontecer em Bel\u00e9m (PA) um encontro evang\u00e9lico com o foco nos desafios mission\u00e1rios entre os ind\u00edgenas do Brasil. O \u201cCelebra\u00e7\u00e3o Ind\u00edgena\u201d, organizado pela MEIB (Miss\u00e3o Evang\u00e9lica aos \u00cdndios do Brasil), acontece todos os anos na cidade e desta vez dar\u00e1 destaque para o povo Kaiap\u00f3. Na ocasi\u00e3o, tamb\u00e9m ser\u00e1 feito o [&hellip;]<\/p>\n","protected":false},"author":2,"featured_media":0,"comment_status":"open","ping_status":"open","sticky":false,"template":"","format":"standard","meta":{"ngg_post_thumbnail":0,"footnotes":""},"categories":[1],"tags":[16636,12,19271,122],"class_list":["post-3666","post","type-post","status-publish","format-standard","hentry","category-uncategorized","tag-belem","tag-indigenas","tag-missoes-indigenas","tag-norte"],"_links":{"self":[{"href":"https:\/\/ultimato.com.br\/sites\/paralelo10\/wp-json\/wp\/v2\/posts\/3666","targetHints":{"allow":["GET"]}}],"collection":[{"href":"https:\/\/ultimato.com.br\/sites\/paralelo10\/wp-json\/wp\/v2\/posts"}],"about":[{"href":"https:\/\/ultimato.com.br\/sites\/paralelo10\/wp-json\/wp\/v2\/types\/post"}],"author":[{"embeddable":true,"href":"https:\/\/ultimato.com.br\/sites\/paralelo10\/wp-json\/wp\/v2\/users\/2"}],"replies":[{"embeddable":true,"href":"https:\/\/ultimato.com.br\/sites\/paralelo10\/wp-json\/wp\/v2\/comments?post=3666"}],"version-history":[{"count":5,"href":"https:\/\/ultimato.com.br\/sites\/paralelo10\/wp-json\/wp\/v2\/posts\/3666\/revisions"}],"predecessor-version":[{"id":3674,"href":"https:\/\/ultimato.com.br\/sites\/paralelo10\/wp-json\/wp\/v2\/posts\/3666\/revisions\/3674"}],"wp:attachment":[{"href":"https:\/\/ultimato.com.br\/sites\/paralelo10\/wp-json\/wp\/v2\/media?parent=3666"}],"wp:term":[{"taxonomy":"category","embeddable":true,"href":"https:\/\/ultimato.com.br\/sites\/paralelo10\/wp-json\/wp\/v2\/categories?post=3666"},{"taxonomy":"post_tag","embeddable":true,"href":"https:\/\/ultimato.com.br\/sites\/paralelo10\/wp-json\/wp\/v2\/tags?post=3666"}],"curies":[{"name":"wp","href":"https:\/\/api.w.org\/{rel}","templated":true}]}}