{"id":3663,"date":"2014-04-23T09:08:14","date_gmt":"2014-04-23T12:08:14","guid":{"rendered":"http:\/\/ultimato.com.br\/sites\/paralelo10\/?p=3663"},"modified":"2014-04-23T09:08:14","modified_gmt":"2014-04-23T12:08:14","slug":"hortas-familiares-uma-boa-ideia","status":"publish","type":"post","link":"https:\/\/ultimato.com.br\/sites\/paralelo10\/2014\/04\/hortas-familiares-uma-boa-ideia\/","title":{"rendered":"Hortas familiares: uma boa ideia"},"content":{"rendered":"<p>O representante do Paralelo 10 no Piau\u00ed, Wesley Lima, envia mais not\u00edcias sobre as a\u00e7\u00f5es do Minist\u00e9rio GerA\u00c7\u00c3O TSO. Destaque para o desenvolvimento do projeto de hortas familiares e do apoio \u00e0 campanha da Rede FALE contra o uso de agrot\u00f3xicos. Leia a seguir.<\/p>\n<p>***<\/p>\n<p>&nbsp;<\/p>\n<div id=\"attachment_3664\" style=\"width: 394px\" class=\"wp-caption alignright\"><a href=\"http:\/\/ultimato.com.br\/sites\/paralelo10\/files\/2014\/04\/P10_23_04_14_Horta_familiar.jpg\" class=\"lightview\" data-lightview-group=\"group-3663\" data-lightview-options=\"skin: 'dark', controls: 'relative', padding: '10', shadow: { color: '#000000', opacity: 0.08, blur: 3 }\"><img loading=\"lazy\" decoding=\"async\" aria-describedby=\"caption-attachment-3664\" class=\"size-full wp-image-3664\" alt=\"Uma das hortas cultivadas por fam\u00edlias no povoado Coit\u00e9.\" src=\"http:\/\/ultimato.com.br\/sites\/paralelo10\/files\/2014\/04\/P10_23_04_14_Horta_familiar.jpg\" width=\"384\" height=\"288\" srcset=\"https:\/\/ultimato.com.br\/sites\/paralelo10\/files\/2014\/04\/P10_23_04_14_Horta_familiar.jpg 384w, https:\/\/ultimato.com.br\/sites\/paralelo10\/files\/2014\/04\/P10_23_04_14_Horta_familiar-300x225.jpg 300w, https:\/\/ultimato.com.br\/sites\/paralelo10\/files\/2014\/04\/P10_23_04_14_Horta_familiar-150x112.jpg 150w\" sizes=\"auto, (max-width: 384px) 100vw, 384px\" \/><\/a><p id=\"caption-attachment-3664\" class=\"wp-caption-text\">Uma das hortas cultivadas por fam\u00edlias no povoado Coit\u00e9.<\/p><\/div>\n<p>Ol\u00e1 amigos, novidades do nosso trabalho aqui no Piau\u00ed com o Minist\u00e9rio <a href=\"file:\/\/\/D:\/Producao\/Web\/Blogs_ULT\/Paralelo%2010\/2014\/4-abril\/facebook.com\/geracaotso\">GerA\u00c7\u00c3O TSO<\/a>. Em novembro de 2013, mandamos <a href=\"http:\/\/ultimato.com.br\/sites\/paralelo10\/2013\/11\/direto-do-piaui\/\">not\u00edcias<\/a> sobre o que estamos realizando aqui. Agora queremos falar um pouco mais sobre a horta familiar que iniciamos no fim de 2013 no povoado Coit\u00e9, na cidade de Altos. \u00c9 nesse mesmo povoado que iniciamos a escolinha de futebol.<\/p>\n<p>Escolhemos uma fam\u00edlia desse povoado como projeto-piloto que funciona da seguinte forma: iniciaremos em cada casa uma horta com um tipo de cultura diferente, por exemplo, numa casa vai ter uma horta com a cultura de alfaces e tomate; em outra a cultura de cebolinha, cebola e coentro, e assim por diante. Com isso, as fam\u00edlias ter\u00e3o como gerar renda sem prejudicar a cultura do outro.<\/p>\n<p>A fam\u00edlia que escolhemos \u00e9 da Dona Rosa. Ela mora com o esposo, tr\u00eas filhos, tr\u00eas netos e o genro. A frase do soci\u00f3logo Betinho sintetiza bem o nosso sentimento: \u201cQuem tem fome, tem pressa\u201d. Inicialmente a gente d\u00e1 a \u201cvara, o peixe e condi\u00e7\u00f5es para pescar\u201d. Ensinamos princ\u00edpios b\u00e1sicos de economia, plantio e higiene. As pr\u00f3prias fam\u00edlias d\u00e3o continuidade ao projeto. N\u00e3o queremos ser assistencialistas, mas promover o desenvolvimento comunit\u00e1rio.<!--more--><\/p>\n<p>Aproveito para falar da Campanha da Rede FALE \u201cEm Defesa da Vida Sem Agrot\u00f3xicos\u201d. O assunto \u00e9 s\u00e9rio, pois nos \u00faltimos anos o Brasil ultrapassou os Estados Unidos e se tornou o maior consumidor de agrot\u00f3xicos do planeta. Hoje, cada brasileiro consome mais de cinco quilos de agrot\u00f3xicos.<\/p>\n<p><a href=\"http:\/\/www.ultimato.com.br\/conteudo\/rede-fale-lanca-campanha-contra-agrotoxicos\">&gt;&gt; Leia mais sobre a campanha da Rede FALE<\/a><\/p>\n<p>Com base nas informa\u00e7\u00f5es do Minist\u00e9rio de Desenvolvimento Agr\u00e1rio, elaboramos os prop\u00f3sitos do projeto de Horta Familiar:<br \/>\n&#8211; Promover sistemas justos e sustent\u00e1veis de produ\u00e7\u00e3o, distribui\u00e7\u00e3o e consumo de alimentos;<br \/>\n&#8211; Promover a valoriza\u00e7\u00e3o da agrobiodiversidade e dos produtos da sociobiodiversidade e est\u00edmulo \u00e0s experi\u00eancias locais de uso, conserva\u00e7\u00e3o e manejo\u00a0dos recursos gen\u00e9ticos vegetais e animais;<br \/>\n&#8211; Ampliar a participa\u00e7\u00e3o da juventude rural na produ\u00e7\u00e3o org\u00e2nica e de base agroecol\u00f3gica;<br \/>\n&#8211; Contribuir na promo\u00e7\u00e3o da redu\u00e7\u00e3o das desigualdades de g\u00eanero, por meio de a\u00e7\u00f5es e programas que promovam a autonomia econ\u00f4mica das mulheres.<\/p>\n<p>Quer \u00a0\u201cadotar\u201d uma fam\u00edlia e nos ajudar a manter o projeto das hortas familiares? O custo para cada horta familiar \u00e9 de R$ 300,00.\u00a0Escreva-nos um e-mail: <a href=\"mailto:geracaotso@hotmail.com\" target=\"_blank\">geracaotso@hotmail.com<\/a><\/p>\n<p><b><br \/>\n\u2022 Wesley Lima<\/b>, 21 anos, piauiense, trabalha com \u00a0TI, articulador no piau\u00ed da Rede FALE e Paralelo 10. Tenho desenvolvido uma caminhada missional, cooperando com a\u00e7\u00f5es mission\u00e1rias no Piau\u00ed e sert\u00e3o nordestino e capta\u00e7\u00e3o de recursos.<\/p>\n<p>&nbsp;<\/p>\n","protected":false},"excerpt":{"rendered":"<p>O representante do Paralelo 10 no Piau\u00ed, Wesley Lima, envia mais not\u00edcias sobre as a\u00e7\u00f5es do Minist\u00e9rio GerA\u00c7\u00c3O TSO. Destaque para o desenvolvimento do projeto de hortas familiares e do apoio \u00e0 campanha da Rede FALE contra o uso de agrot\u00f3xicos. Leia a seguir. *** &nbsp; Ol\u00e1 amigos, novidades do nosso trabalho aqui no Piau\u00ed [&hellip;]<\/p>\n","protected":false},"author":2,"featured_media":0,"comment_status":"open","ping_status":"open","sticky":false,"template":"","format":"standard","meta":{"ngg_post_thumbnail":0,"footnotes":""},"categories":[6],"tags":[17284,34,21547],"class_list":["post-3663","post","type-post","status-publish","format-standard","hentry","category-bom-tempero","tag-bom-tempero-2","tag-nordeste","tag-piaui"],"_links":{"self":[{"href":"https:\/\/ultimato.com.br\/sites\/paralelo10\/wp-json\/wp\/v2\/posts\/3663","targetHints":{"allow":["GET"]}}],"collection":[{"href":"https:\/\/ultimato.com.br\/sites\/paralelo10\/wp-json\/wp\/v2\/posts"}],"about":[{"href":"https:\/\/ultimato.com.br\/sites\/paralelo10\/wp-json\/wp\/v2\/types\/post"}],"author":[{"embeddable":true,"href":"https:\/\/ultimato.com.br\/sites\/paralelo10\/wp-json\/wp\/v2\/users\/2"}],"replies":[{"embeddable":true,"href":"https:\/\/ultimato.com.br\/sites\/paralelo10\/wp-json\/wp\/v2\/comments?post=3663"}],"version-history":[{"count":1,"href":"https:\/\/ultimato.com.br\/sites\/paralelo10\/wp-json\/wp\/v2\/posts\/3663\/revisions"}],"predecessor-version":[{"id":3665,"href":"https:\/\/ultimato.com.br\/sites\/paralelo10\/wp-json\/wp\/v2\/posts\/3663\/revisions\/3665"}],"wp:attachment":[{"href":"https:\/\/ultimato.com.br\/sites\/paralelo10\/wp-json\/wp\/v2\/media?parent=3663"}],"wp:term":[{"taxonomy":"category","embeddable":true,"href":"https:\/\/ultimato.com.br\/sites\/paralelo10\/wp-json\/wp\/v2\/categories?post=3663"},{"taxonomy":"post_tag","embeddable":true,"href":"https:\/\/ultimato.com.br\/sites\/paralelo10\/wp-json\/wp\/v2\/tags?post=3663"}],"curies":[{"name":"wp","href":"https:\/\/api.w.org\/{rel}","templated":true}]}}