{"id":3658,"date":"2014-04-16T09:55:32","date_gmt":"2014-04-16T12:55:32","guid":{"rendered":"http:\/\/ultimato.com.br\/sites\/paralelo10\/?p=3658"},"modified":"2014-04-16T09:55:32","modified_gmt":"2014-04-16T12:55:32","slug":"o-triunfo-da-mensagem-da-cruz-justificacao","status":"publish","type":"post","link":"https:\/\/ultimato.com.br\/sites\/paralelo10\/2014\/04\/o-triunfo-da-mensagem-da-cruz-justificacao\/","title":{"rendered":"O Triunfo da Mensagem da Cruz: Justifica\u00e7\u00e3o"},"content":{"rendered":"<p><a href=\"http:\/\/ultimato.com.br\/sites\/paralelo10\/files\/2014\/04\/Congresso-2014.jpg\" class=\"lightview\" data-lightview-group=\"group-3658\" data-lightview-options=\"skin: 'dark', controls: 'relative', padding: '10', shadow: { color: '#000000', opacity: 0.08, blur: 3 }\"><img loading=\"lazy\" decoding=\"async\" class=\"alignright  wp-image-3659\" alt=\"Congresso 2014\" src=\"http:\/\/ultimato.com.br\/sites\/paralelo10\/files\/2014\/04\/Congresso-2014.jpg\" width=\"480\" height=\"679\" srcset=\"https:\/\/ultimato.com.br\/sites\/paralelo10\/files\/2014\/04\/Congresso-2014.jpg 600w, https:\/\/ultimato.com.br\/sites\/paralelo10\/files\/2014\/04\/Congresso-2014-212x300.jpg 212w, https:\/\/ultimato.com.br\/sites\/paralelo10\/files\/2014\/04\/Congresso-2014-106x150.jpg 106w\" sizes=\"auto, (max-width: 480px) 100vw, 480px\" \/><\/a>Come\u00e7a amanh\u00e3 (dia 17) e vai at\u00e9 s\u00e1bado (19) em Jo\u00e3o Pessoa (PB) o Congresso JUVEP 2014 com o tema\u00a0\u201cO Triunfo da Mensagem da Cruz: Justifica\u00e7\u00e3o\u201d. Al\u00e9m da reflex\u00e3o sobre a obra de Cristo, o evento ter\u00e1 um gosto especial: ter\u00e1 a celebra\u00e7\u00e3o de 25 anos do Semin\u00e1rio Teol\u00f3gico da JUVEP que desde a sua funda\u00e7\u00e3o tem contribu\u00eddo para a forma\u00e7\u00e3o de centenas de pastores e l\u00edderes no Nordeste.<\/p>\n<p>Entre os preletores do Congresso, est\u00e3o: Aurivan Marinho, Barbara Burns,\u00a0Jorge Noda,Maria Luiza (Nina), Thomaz Litz,\u00a0Walter Feckinghaus\u00a0e Paul Kleiner\u00a0(que vir\u00e1 da Su\u00ed\u00e7a).<\/p>\n<p>A programa\u00e7\u00e3o contar\u00e1 com o\u00a0Encontro para Pastores e L\u00edderes,\u00a0Encontro de Mulheres,\u00a0Encontro de Jovens,\u00a0Encontro para Profissionais da Sa\u00fade\u00a0e a realiza\u00e7\u00e3o de semin\u00e1rios. As noites ser\u00e3o reservadas para a celebra\u00e7\u00e3o ao Senhor. Com exce\u00e7\u00e3o dos semin\u00e1rios, toda a programa\u00e7\u00e3o possui entrada livre.<\/p>\n<p>Para conhecer a programa\u00e7\u00e3o completa ou obter outras informa\u00e7\u00f5es visite o site <a href=\"http:\/\/www.juvep.com.br\/congressojuvep\" target=\"_blank\">www.juvep.com.br\/congressojuvep<\/a>\u00a0ou ligue (83) 3248-2095.<\/p>\n","protected":false},"excerpt":{"rendered":"<p>Come\u00e7a amanh\u00e3 (dia 17) e vai at\u00e9 s\u00e1bado (19) em Jo\u00e3o Pessoa (PB) o Congresso JUVEP 2014 com o tema\u00a0\u201cO Triunfo da Mensagem da Cruz: Justifica\u00e7\u00e3o\u201d. Al\u00e9m da reflex\u00e3o sobre a obra de Cristo, o evento ter\u00e1 um gosto especial: ter\u00e1 a celebra\u00e7\u00e3o de 25 anos do Semin\u00e1rio Teol\u00f3gico da JUVEP que desde a sua [&hellip;]<\/p>\n","protected":false},"author":2,"featured_media":0,"comment_status":"open","ping_status":"open","sticky":false,"template":"","format":"standard","meta":{"ngg_post_thumbnail":0,"footnotes":""},"categories":[1],"tags":[109,135,34],"class_list":["post-3658","post","type-post","status-publish","format-standard","hentry","category-uncategorized","tag-evento","tag-joao-pessoa","tag-nordeste"],"_links":{"self":[{"href":"https:\/\/ultimato.com.br\/sites\/paralelo10\/wp-json\/wp\/v2\/posts\/3658","targetHints":{"allow":["GET"]}}],"collection":[{"href":"https:\/\/ultimato.com.br\/sites\/paralelo10\/wp-json\/wp\/v2\/posts"}],"about":[{"href":"https:\/\/ultimato.com.br\/sites\/paralelo10\/wp-json\/wp\/v2\/types\/post"}],"author":[{"embeddable":true,"href":"https:\/\/ultimato.com.br\/sites\/paralelo10\/wp-json\/wp\/v2\/users\/2"}],"replies":[{"embeddable":true,"href":"https:\/\/ultimato.com.br\/sites\/paralelo10\/wp-json\/wp\/v2\/comments?post=3658"}],"version-history":[{"count":1,"href":"https:\/\/ultimato.com.br\/sites\/paralelo10\/wp-json\/wp\/v2\/posts\/3658\/revisions"}],"predecessor-version":[{"id":3660,"href":"https:\/\/ultimato.com.br\/sites\/paralelo10\/wp-json\/wp\/v2\/posts\/3658\/revisions\/3660"}],"wp:attachment":[{"href":"https:\/\/ultimato.com.br\/sites\/paralelo10\/wp-json\/wp\/v2\/media?parent=3658"}],"wp:term":[{"taxonomy":"category","embeddable":true,"href":"https:\/\/ultimato.com.br\/sites\/paralelo10\/wp-json\/wp\/v2\/categories?post=3658"},{"taxonomy":"post_tag","embeddable":true,"href":"https:\/\/ultimato.com.br\/sites\/paralelo10\/wp-json\/wp\/v2\/tags?post=3658"}],"curies":[{"name":"wp","href":"https:\/\/api.w.org\/{rel}","templated":true}]}}