{"id":3622,"date":"2014-03-24T11:37:55","date_gmt":"2014-03-24T14:37:55","guid":{"rendered":"http:\/\/ultimato.com.br\/sites\/paralelo10\/?p=3622"},"modified":"2014-03-24T11:37:55","modified_gmt":"2014-03-24T14:37:55","slug":"tres-cidades-do-nordeste-estao-entre-as-dez-mais-violentas-do-mundo","status":"publish","type":"post","link":"https:\/\/ultimato.com.br\/sites\/paralelo10\/2014\/03\/tres-cidades-do-nordeste-estao-entre-as-dez-mais-violentas-do-mundo\/","title":{"rendered":"Tr\u00eas cidades do Nordeste est\u00e3o entre as dez mais violentas do mundo"},"content":{"rendered":"<p><span style=\"font-size: 13px;\"><a href=\"http:\/\/ultimato.com.br\/sites\/paralelo10\/files\/2014\/03\/p10_24_03_14_imagem_fantastico.jpg\" class=\"lightview\" data-lightview-group=\"group-3622\" data-lightview-options=\"skin: 'dark', controls: 'relative', padding: '10', shadow: { color: '#000000', opacity: 0.08, blur: 3 }\"><img loading=\"lazy\" decoding=\"async\" class=\"alignright  wp-image-3623\" alt=\"p10_24_03_14_imagem_fantastico\" src=\"http:\/\/ultimato.com.br\/sites\/paralelo10\/files\/2014\/03\/p10_24_03_14_imagem_fantastico.jpg\" width=\"342\" height=\"188\" srcset=\"https:\/\/ultimato.com.br\/sites\/paralelo10\/files\/2014\/03\/p10_24_03_14_imagem_fantastico.jpg 612w, https:\/\/ultimato.com.br\/sites\/paralelo10\/files\/2014\/03\/p10_24_03_14_imagem_fantastico-300x164.jpg 300w, https:\/\/ultimato.com.br\/sites\/paralelo10\/files\/2014\/03\/p10_24_03_14_imagem_fantastico-150x82.jpg 150w\" sizes=\"auto, (max-width: 342px) 100vw, 342px\" \/><\/a>Reportagem do Fant\u00e1stico (Rede Globo), exibida ontem, mostrou a situa\u00e7\u00e3o assustadora de Macei\u00f3 (AL), Fortaleza (CE) e Jo\u00e3o Pessoa (PB), tr\u00eas das dez cidades mais violentas do planeta entre as que n\u00e3o est\u00e3o em guerra. O levantamento foi feito por um respeitado grupo de estudos mexicano.<\/p>\n<p><\/span>Macei\u00f3 \u00e9 a primeira do Brasil e a quinta do mundo. Em 2013, foram 79 homic\u00eddios para cada 100 mil habitantes. Acima de 10 homic\u00eddios por 100 mil habitantes, a Organiza\u00e7\u00e3o Mundial de Sa\u00fade considera uma epidemia de viol\u00eancia.<\/p>\n<p>Veja a reportagem completa <a href=\"http:\/\/g1.globo.com\/fantastico\/noticia\/2014\/03\/tres-cidades-brasileiras-estao-entre-dez-mais-violentas-do-planeta.html\">aqui.<\/a><\/p>\n<p>&nbsp;<\/p>\n<p>&nbsp;<\/p>\n","protected":false},"excerpt":{"rendered":"<p>Reportagem do Fant\u00e1stico (Rede Globo), exibida ontem, mostrou a situa\u00e7\u00e3o assustadora de Macei\u00f3 (AL), Fortaleza (CE) e Jo\u00e3o Pessoa (PB), tr\u00eas das dez cidades mais violentas do planeta entre as que n\u00e3o est\u00e3o em guerra. O levantamento foi feito por um respeitado grupo de estudos mexicano. Macei\u00f3 \u00e9 a primeira do Brasil e a quinta [&hellip;]<\/p>\n","protected":false},"author":2,"featured_media":0,"comment_status":"open","ping_status":"open","sticky":false,"template":"","format":"standard","meta":{"ngg_post_thumbnail":0,"footnotes":""},"categories":[7],"tags":[17735,6097],"class_list":["post-3622","post","type-post","status-publish","format-standard","hentry","category-noticias","tag-noticias-2","tag-violencia"],"_links":{"self":[{"href":"https:\/\/ultimato.com.br\/sites\/paralelo10\/wp-json\/wp\/v2\/posts\/3622","targetHints":{"allow":["GET"]}}],"collection":[{"href":"https:\/\/ultimato.com.br\/sites\/paralelo10\/wp-json\/wp\/v2\/posts"}],"about":[{"href":"https:\/\/ultimato.com.br\/sites\/paralelo10\/wp-json\/wp\/v2\/types\/post"}],"author":[{"embeddable":true,"href":"https:\/\/ultimato.com.br\/sites\/paralelo10\/wp-json\/wp\/v2\/users\/2"}],"replies":[{"embeddable":true,"href":"https:\/\/ultimato.com.br\/sites\/paralelo10\/wp-json\/wp\/v2\/comments?post=3622"}],"version-history":[{"count":2,"href":"https:\/\/ultimato.com.br\/sites\/paralelo10\/wp-json\/wp\/v2\/posts\/3622\/revisions"}],"predecessor-version":[{"id":3625,"href":"https:\/\/ultimato.com.br\/sites\/paralelo10\/wp-json\/wp\/v2\/posts\/3622\/revisions\/3625"}],"wp:attachment":[{"href":"https:\/\/ultimato.com.br\/sites\/paralelo10\/wp-json\/wp\/v2\/media?parent=3622"}],"wp:term":[{"taxonomy":"category","embeddable":true,"href":"https:\/\/ultimato.com.br\/sites\/paralelo10\/wp-json\/wp\/v2\/categories?post=3622"},{"taxonomy":"post_tag","embeddable":true,"href":"https:\/\/ultimato.com.br\/sites\/paralelo10\/wp-json\/wp\/v2\/tags?post=3622"}],"curies":[{"name":"wp","href":"https:\/\/api.w.org\/{rel}","templated":true}]}}