{"id":3603,"date":"2014-03-19T10:45:52","date_gmt":"2014-03-19T13:45:52","guid":{"rendered":"http:\/\/ultimato.com.br\/sites\/paralelo10\/?p=3603"},"modified":"2014-03-26T11:55:32","modified_gmt":"2014-03-26T14:55:32","slug":"mandacaru","status":"publish","type":"post","link":"https:\/\/ultimato.com.br\/sites\/paralelo10\/2014\/03\/mandacaru\/","title":{"rendered":"Mandacaru"},"content":{"rendered":"<p style=\"text-align: left;\" align=\"center\"><span style=\"font-size: 13px;\"><a href=\"http:\/\/ultimato.com.br\/sites\/paralelo10\/files\/2014\/03\/P10_19_03_14_Mandacaru.jpg\" class=\"lightview\" data-lightview-group=\"group-3603\" data-lightview-options=\"skin: 'dark', controls: 'relative', padding: '10', shadow: { color: '#000000', opacity: 0.08, blur: 3 }\"><img loading=\"lazy\" decoding=\"async\" class=\"alignright size-full wp-image-3604\" alt=\"P10_19_03_14_Mandacaru\" src=\"http:\/\/ultimato.com.br\/sites\/paralelo10\/files\/2014\/03\/P10_19_03_14_Mandacaru.jpg\" width=\"359\" height=\"253\" srcset=\"https:\/\/ultimato.com.br\/sites\/paralelo10\/files\/2014\/03\/P10_19_03_14_Mandacaru.jpg 359w, https:\/\/ultimato.com.br\/sites\/paralelo10\/files\/2014\/03\/P10_19_03_14_Mandacaru-300x211.jpg 300w, https:\/\/ultimato.com.br\/sites\/paralelo10\/files\/2014\/03\/P10_19_03_14_Mandacaru-150x105.jpg 150w\" sizes=\"auto, (max-width: 359px) 100vw, 359px\" \/><\/a>O mandacaru (<\/span><em>Cereus jamacaru<\/em><span style=\"font-size: 13px;\">) \u00e9 o nome de um cacto muito grande que cresce na caatinga nordestina. \u00c9 nosso s\u00edmbolo. Ele nos d\u00e1 algumas li\u00e7\u00f5es para os crist\u00e3os nordestinos.<\/span><\/p>\n<p style=\"text-align: left;\" align=\"center\"><strong>Primeira<\/strong><i>\u00a0<\/i>\u2013 o mandacaru \u00e9 s\u00edmbolo de &#8220;resist\u00eancia&#8221; no meio da morte. Quanto mais \u00e1rido e duro o deserto da caatinga, mais o mandacaru explode como um brado de vida no meio da vegeta\u00e7\u00e3o. Assim, como crist\u00e3o, devemos ser os sinais de vida de Deus neste mundo de inferno e morte;<\/p>\n<p style=\"text-align: left;\" align=\"center\"><strong>Segunda<\/strong> \u2013 o mandacaru \u00e9 s\u00edmbolo de &#8220;esperan\u00e7a&#8221;. Com seu caule verde no meio da caatinga cinzenta e deprimente, ele acena como bandeira verde indicando esperan\u00e7a. Assim deve ser o crist\u00e3o nesta regi\u00e3o de tatas cruzes;<\/p>\n<p style=\"text-align: left;\" align=\"center\"><strong>Terceira<\/strong> \u2013 o mandacaru \u00e9 s\u00edmbolo de &#8220;retid\u00e3o&#8221;. No meio de ramos contorcidos e de troncos tortos da vegeta\u00e7\u00e3o, esse nosso cacto apruma-se com seus caules direitos e corretos. Assim deve o crist\u00e3o apontar a justi\u00e7a de Deus no meio do pecado;<\/p>\n<p style=\"text-align: left;\"><strong>Quarta<\/strong> \u2013 o mandacaru fala de &#8220;contraste&#8221;. Tem flores bem alvas que somente se abrem no negrume da noite. Assim, o crist\u00e3o tem voca\u00e7\u00e3o de fazer o contraste entre trevas e a claridade da flor;<\/p>\n<p style=\"text-align: left;\"><strong>Quinta<\/strong> \u2013 o mandacaru fala de &#8220;utilidade&#8221;. Ele serve de alimento para os animais e para o homem. Serve tamb\u00e9m de rem\u00e9dio para doen\u00e7as respirat\u00f3rias. Assim tamb\u00e9m o crist\u00e3o deve ser \u00fatil nesta regi\u00e3o de fome e doen\u00e7a;<\/p>\n<p style=\"text-align: left;\"><strong>Sexta<\/strong> \u2013 por seu alinhamento singular, os mandacarus distribu\u00eddos pela caatinga parecem um &#8220;ex\u00e9rcito&#8221; em plena batalha. Assim, os crist\u00e3os do nordeste devem se unir e formar verdadeiros ex\u00e9rcitos, pois \u201ca nossa luta n\u00e3o \u00e9 contra sangue nem carne, e, sim, contra os principados e potestades, contra os dominadores deste mundo tenebroso, contra as for\u00e7as espirituais do mal nas regi\u00f5es celeste\u201d (Ef 6.12).<\/p>\n<p style=\"text-align: left;\"><strong>Nota:<\/strong>\u00a0texto publicado originalmente na edi\u00e7\u00e3o 248 da revista Ultimato (setembro-outubro de 1997).<\/p>\n<p style=\"text-align: left;\"><strong>\u2022 Jo\u00e3o Dias de Ara\u00fajo<\/strong>\u00a0foi um dos fundadores da Igreja Presbiteriana Unida do Brasil (IPU) e colaborador de organismos ecum\u00eanicos mundiais. <a href=\"http:\/\/www.ultimato.com.br\/conteudo\/faleceu-autor-de-que-estou-fazendo-se-sou-cristao\">Faleceu<\/a> no dia nove de fevereiro deste ano, v\u00edtima de c\u00e2ncer<\/p>\n<p style=\"text-align: left;\">\n","protected":false},"excerpt":{"rendered":"<p>O mandacaru (Cereus jamacaru) \u00e9 o nome de um cacto muito grande que cresce na caatinga nordestina. \u00c9 nosso s\u00edmbolo. Ele nos d\u00e1 algumas li\u00e7\u00f5es para os crist\u00e3os nordestinos. Primeira\u00a0\u2013 o mandacaru \u00e9 s\u00edmbolo de &#8220;resist\u00eancia&#8221; no meio da morte. Quanto mais \u00e1rido e duro o deserto da caatinga, mais o mandacaru explode como um [&hellip;]<\/p>\n","protected":false},"author":2,"featured_media":0,"comment_status":"open","ping_status":"open","sticky":false,"template":"","format":"standard","meta":{"ngg_post_thumbnail":0,"footnotes":""},"categories":[32],"tags":[20042,20043],"class_list":["post-3603","post","type-post","status-publish","format-standard","hentry","category-reflexoes","tag-caatinga","tag-mandacaru"],"_links":{"self":[{"href":"https:\/\/ultimato.com.br\/sites\/paralelo10\/wp-json\/wp\/v2\/posts\/3603","targetHints":{"allow":["GET"]}}],"collection":[{"href":"https:\/\/ultimato.com.br\/sites\/paralelo10\/wp-json\/wp\/v2\/posts"}],"about":[{"href":"https:\/\/ultimato.com.br\/sites\/paralelo10\/wp-json\/wp\/v2\/types\/post"}],"author":[{"embeddable":true,"href":"https:\/\/ultimato.com.br\/sites\/paralelo10\/wp-json\/wp\/v2\/users\/2"}],"replies":[{"embeddable":true,"href":"https:\/\/ultimato.com.br\/sites\/paralelo10\/wp-json\/wp\/v2\/comments?post=3603"}],"version-history":[{"count":6,"href":"https:\/\/ultimato.com.br\/sites\/paralelo10\/wp-json\/wp\/v2\/posts\/3603\/revisions"}],"predecessor-version":[{"id":3632,"href":"https:\/\/ultimato.com.br\/sites\/paralelo10\/wp-json\/wp\/v2\/posts\/3603\/revisions\/3632"}],"wp:attachment":[{"href":"https:\/\/ultimato.com.br\/sites\/paralelo10\/wp-json\/wp\/v2\/media?parent=3603"}],"wp:term":[{"taxonomy":"category","embeddable":true,"href":"https:\/\/ultimato.com.br\/sites\/paralelo10\/wp-json\/wp\/v2\/categories?post=3603"},{"taxonomy":"post_tag","embeddable":true,"href":"https:\/\/ultimato.com.br\/sites\/paralelo10\/wp-json\/wp\/v2\/tags?post=3603"}],"curies":[{"name":"wp","href":"https:\/\/api.w.org\/{rel}","templated":true}]}}