{"id":3583,"date":"2014-03-11T10:55:33","date_gmt":"2014-03-11T13:55:33","guid":{"rendered":"http:\/\/ultimato.com.br\/sites\/paralelo10\/?p=3583"},"modified":"2014-03-13T08:46:23","modified_gmt":"2014-03-13T11:46:23","slug":"conversas-sobre-meio-ambiente-e-cristianismo-no-para","status":"publish","type":"post","link":"https:\/\/ultimato.com.br\/sites\/paralelo10\/2014\/03\/conversas-sobre-meio-ambiente-e-cristianismo-no-para\/","title":{"rendered":"Conversas sobre meio ambiente e Cristianismo no Par\u00e1"},"content":{"rendered":"<div id=\"attachment_3584\" style=\"width: 350px\" class=\"wp-caption alignright\"><a href=\"http:\/\/ultimato.com.br\/sites\/paralelo10\/files\/2014\/03\/P10_11_03_14_Capacitacao_meio_ambiente.jpg\" class=\"lightview\" data-lightview-group=\"group-3583\" data-lightview-options=\"skin: 'dark', controls: 'relative', padding: '10', shadow: { color: '#000000', opacity: 0.08, blur: 3 }\"><img loading=\"lazy\" decoding=\"async\" aria-describedby=\"caption-attachment-3584\" class=\"size-full wp-image-3584\" alt=\"Pequeno grupo reunido em uma das oficinas sobre meio ambiente e Cristianismo\" src=\"http:\/\/ultimato.com.br\/sites\/paralelo10\/files\/2014\/03\/P10_11_03_14_Capacitacao_meio_ambiente.jpg\" width=\"340\" height=\"250\" srcset=\"https:\/\/ultimato.com.br\/sites\/paralelo10\/files\/2014\/03\/P10_11_03_14_Capacitacao_meio_ambiente.jpg 340w, https:\/\/ultimato.com.br\/sites\/paralelo10\/files\/2014\/03\/P10_11_03_14_Capacitacao_meio_ambiente-300x220.jpg 300w, https:\/\/ultimato.com.br\/sites\/paralelo10\/files\/2014\/03\/P10_11_03_14_Capacitacao_meio_ambiente-150x110.jpg 150w\" sizes=\"auto, (max-width: 340px) 100vw, 340px\" \/><\/a><p id=\"caption-attachment-3584\" class=\"wp-caption-text\">Pequeno grupo reunido em uma das oficinas sobre meio ambiente e Cristianismo<\/p><\/div>\n<p>Nesta semana, <a href=\"http:\/\/ultimato.com.br\/sites\/arocha\/\">A Rocha Brasil<\/a> e o movimento <a href=\"http:\/\/ultimato.com.br\/sites\/igrejasecocidadas\/\">Igrejas Ecocidad\u00e3s<\/a> iniciam as atividades do projeto <a href=\"http:\/\/ultimato.com.br\/sites\/arocha\/rede-de-transformacao\/\">Rede de Transforma\u00e7\u00e3o<\/a> (ReT) nas regi\u00f5es Norte e Nordeste. Veja a programa\u00e7\u00e3o que acontece no Par\u00e1:<\/p>\n<p><b>&#8211; Bate-papo sobre o movimento\u00a0Igrejas Ecocidad\u00e3s.<br \/>\n<\/b>Data:<b> <\/b>Dia 13 (quinta-feira), \u00e0s 20h, na Esta\u00e7\u00e3o das Docas, em Bel\u00e9m (PA).<br \/>\nO evento \u00e9 aberto a todos os interessados, mas \u00e9 necess\u00e1rio confirmar presen\u00e7a pelo e-mail: brasil@arocha.org.<\/p>\n<p><b><\/b><b>&#8211; Caf\u00e9 Socioambiental para Pastores e Pastoras.<br \/>\n<\/b>Data: dia 14 (sexta-feira), \u00e0s 9h, na JOCUM (Av. Claudio Sanders, 1.697 &#8211;\u00a0antiga Estrada do Maguari \u2013 Centro, Ananindeua, PA).<br \/>\nAtividade gratuita e exclusiva \u00e0 lideran\u00e7a de igrejas locais da regi\u00e3o. \u00c9 necess\u00e1rio confirmar presen\u00e7a com Lya Patr\u00edcia (91) 8177-5403 ou por e-mail: pea.brasil@arocha.org<\/p>\n<p>Nos dias 27 a 29 de mar\u00e7o, a programa\u00e7\u00e3o acontecer\u00e1 em Manaus (AM). Voc\u00ea ver\u00e1 mais informa\u00e7\u00f5es em breve no <a href=\"http:\/\/ultimato.com.br\/sites\/arocha\/\">site<\/a> de A Rocha Brasil.<\/p>\n<p>&nbsp;<\/p>\n<p><a href=\"http:\/\/ultimato.com.br\/sites\/paralelo10\/files\/2014\/03\/cartaz_rocha.jpg\" class=\"lightview\" data-lightview-group=\"group-3583\" data-lightview-options=\"skin: 'dark', controls: 'relative', padding: '10', shadow: { color: '#000000', opacity: 0.08, blur: 3 }\"><img loading=\"lazy\" decoding=\"async\" class=\"alignleft  wp-image-3589\" alt=\"cartaz_rocha\" src=\"http:\/\/ultimato.com.br\/sites\/paralelo10\/files\/2014\/03\/cartaz_rocha-740x1024.jpg\" width=\"444\" height=\"614\" srcset=\"https:\/\/ultimato.com.br\/sites\/paralelo10\/files\/2014\/03\/cartaz_rocha-740x1024.jpg 740w, https:\/\/ultimato.com.br\/sites\/paralelo10\/files\/2014\/03\/cartaz_rocha-217x300.jpg 217w, https:\/\/ultimato.com.br\/sites\/paralelo10\/files\/2014\/03\/cartaz_rocha-108x150.jpg 108w, https:\/\/ultimato.com.br\/sites\/paralelo10\/files\/2014\/03\/cartaz_rocha.jpg 751w\" sizes=\"auto, (max-width: 444px) 100vw, 444px\" \/><\/a><\/p>\n","protected":false},"excerpt":{"rendered":"<p>Nesta semana, A Rocha Brasil e o movimento Igrejas Ecocidad\u00e3s iniciam as atividades do projeto Rede de Transforma\u00e7\u00e3o (ReT) nas regi\u00f5es Norte e Nordeste. Veja a programa\u00e7\u00e3o que acontece no Par\u00e1: &#8211; Bate-papo sobre o movimento\u00a0Igrejas Ecocidad\u00e3s. Data: Dia 13 (quinta-feira), \u00e0s 20h, na Esta\u00e7\u00e3o das Docas, em Bel\u00e9m (PA). O evento \u00e9 aberto a [&hellip;]<\/p>\n","protected":false},"author":2,"featured_media":0,"comment_status":"open","ping_status":"open","sticky":false,"template":"","format":"standard","meta":{"ngg_post_thumbnail":0,"footnotes":""},"categories":[1],"tags":[49,165,122],"class_list":["post-3583","post","type-post","status-publish","format-standard","hentry","category-uncategorized","tag-a-rocha-brasil","tag-meio-ambiente","tag-norte"],"_links":{"self":[{"href":"https:\/\/ultimato.com.br\/sites\/paralelo10\/wp-json\/wp\/v2\/posts\/3583","targetHints":{"allow":["GET"]}}],"collection":[{"href":"https:\/\/ultimato.com.br\/sites\/paralelo10\/wp-json\/wp\/v2\/posts"}],"about":[{"href":"https:\/\/ultimato.com.br\/sites\/paralelo10\/wp-json\/wp\/v2\/types\/post"}],"author":[{"embeddable":true,"href":"https:\/\/ultimato.com.br\/sites\/paralelo10\/wp-json\/wp\/v2\/users\/2"}],"replies":[{"embeddable":true,"href":"https:\/\/ultimato.com.br\/sites\/paralelo10\/wp-json\/wp\/v2\/comments?post=3583"}],"version-history":[{"count":5,"href":"https:\/\/ultimato.com.br\/sites\/paralelo10\/wp-json\/wp\/v2\/posts\/3583\/revisions"}],"predecessor-version":[{"id":3592,"href":"https:\/\/ultimato.com.br\/sites\/paralelo10\/wp-json\/wp\/v2\/posts\/3583\/revisions\/3592"}],"wp:attachment":[{"href":"https:\/\/ultimato.com.br\/sites\/paralelo10\/wp-json\/wp\/v2\/media?parent=3583"}],"wp:term":[{"taxonomy":"category","embeddable":true,"href":"https:\/\/ultimato.com.br\/sites\/paralelo10\/wp-json\/wp\/v2\/categories?post=3583"},{"taxonomy":"post_tag","embeddable":true,"href":"https:\/\/ultimato.com.br\/sites\/paralelo10\/wp-json\/wp\/v2\/tags?post=3583"}],"curies":[{"name":"wp","href":"https:\/\/api.w.org\/{rel}","templated":true}]}}