{"id":3433,"date":"2013-12-04T09:30:05","date_gmt":"2013-12-04T12:30:05","guid":{"rendered":"http:\/\/ultimato.com.br\/sites\/paralelo10\/?p=3433"},"modified":"2013-12-04T09:31:12","modified_gmt":"2013-12-04T12:31:12","slug":"livro-gratuito","status":"publish","type":"post","link":"https:\/\/ultimato.com.br\/sites\/paralelo10\/2013\/12\/livro-gratuito\/","title":{"rendered":"Livro gratuito!"},"content":{"rendered":"<p><a href=\"http:\/\/ultimato.com.br\/sites\/paralelo10\/files\/2013\/12\/Prat_29_11_13_Capa_e-book_Natal.jpg\" class=\"lightview\" data-lightview-group=\"group-3433\" data-lightview-options=\"skin: 'dark', controls: 'relative', padding: '10', shadow: { color: '#000000', opacity: 0.08, blur: 3 }\"><img loading=\"lazy\" decoding=\"async\" class=\"alignright size-medium wp-image-3434\" alt=\"Prat_29_11_13_Capa_e-book_Natal\" src=\"http:\/\/ultimato.com.br\/sites\/paralelo10\/files\/2013\/12\/Prat_29_11_13_Capa_e-book_Natal-207x300.jpg\" width=\"207\" height=\"300\" srcset=\"https:\/\/ultimato.com.br\/sites\/paralelo10\/files\/2013\/12\/Prat_29_11_13_Capa_e-book_Natal-207x300.jpg 207w, https:\/\/ultimato.com.br\/sites\/paralelo10\/files\/2013\/12\/Prat_29_11_13_Capa_e-book_Natal-103x150.jpg 103w, https:\/\/ultimato.com.br\/sites\/paralelo10\/files\/2013\/12\/Prat_29_11_13_Capa_e-book_Natal.jpg 250w\" sizes=\"auto, (max-width: 207px) 100vw, 207px\" \/><\/a>Que tal comemorar o Natal, com significado e profundidade, durante todo o m\u00eas de dezembro? Que tal reunir a fam\u00edlia, o grupo pequeno ou a igreja local em momentos devocionais espec\u00edficos sobre Jesus Cristo? Que tal ter um roteiro confi\u00e1vel para tudo isso?<\/p>\n<p><strong>Ultimato<\/strong> oferece, de gra\u00e7a, <a href=\"http:\/\/www.ultimato.com.br\/loja\/produtos\/para-celebrar-o-natal-ebook\" target=\"_blank\">Para Celebrar o Natal \u2013 Medita\u00e7\u00e3o e Liturgia<\/a>, nosso e-book de fim do ano.<\/p>\n<p>S\u00e3o 25 liturgias para celebrar o advento de Cristo, estruturadas da seguinte forma:<br \/>\n1) Uma frase de um crist\u00e3o do passado<br \/>\n2) Medita\u00e7\u00e3o<br \/>\n3) Intercess\u00e3o<br \/>\n4) Hino<br \/>\n5) Ora\u00e7\u00e3o<\/p>\n<p>Baixe <a href=\"http:\/\/www.ultimato.com.br\/loja\/produtos\/para-celebrar-o-natal-ebook\" target=\"_blank\">aqui<\/a> e incentive outros a fazer o mesmo.<\/p>\n","protected":false},"excerpt":{"rendered":"<p>Que tal comemorar o Natal, com significado e profundidade, durante todo o m\u00eas de dezembro? Que tal reunir a fam\u00edlia, o grupo pequeno ou a igreja local em momentos devocionais espec\u00edficos sobre Jesus Cristo? Que tal ter um roteiro confi\u00e1vel para tudo isso? Ultimato oferece, de gra\u00e7a, Para Celebrar o Natal \u2013 Medita\u00e7\u00e3o e Liturgia, [&hellip;]<\/p>\n","protected":false},"author":2,"featured_media":0,"comment_status":"open","ping_status":"open","sticky":false,"template":"","format":"standard","meta":{"ngg_post_thumbnail":0,"footnotes":""},"categories":[6],"tags":[19283,29,82],"class_list":["post-3433","post","type-post","status-publish","format-standard","hentry","category-bom-tempero","tag-e-book","tag-livro","tag-natal"],"_links":{"self":[{"href":"https:\/\/ultimato.com.br\/sites\/paralelo10\/wp-json\/wp\/v2\/posts\/3433","targetHints":{"allow":["GET"]}}],"collection":[{"href":"https:\/\/ultimato.com.br\/sites\/paralelo10\/wp-json\/wp\/v2\/posts"}],"about":[{"href":"https:\/\/ultimato.com.br\/sites\/paralelo10\/wp-json\/wp\/v2\/types\/post"}],"author":[{"embeddable":true,"href":"https:\/\/ultimato.com.br\/sites\/paralelo10\/wp-json\/wp\/v2\/users\/2"}],"replies":[{"embeddable":true,"href":"https:\/\/ultimato.com.br\/sites\/paralelo10\/wp-json\/wp\/v2\/comments?post=3433"}],"version-history":[{"count":2,"href":"https:\/\/ultimato.com.br\/sites\/paralelo10\/wp-json\/wp\/v2\/posts\/3433\/revisions"}],"predecessor-version":[{"id":3436,"href":"https:\/\/ultimato.com.br\/sites\/paralelo10\/wp-json\/wp\/v2\/posts\/3433\/revisions\/3436"}],"wp:attachment":[{"href":"https:\/\/ultimato.com.br\/sites\/paralelo10\/wp-json\/wp\/v2\/media?parent=3433"}],"wp:term":[{"taxonomy":"category","embeddable":true,"href":"https:\/\/ultimato.com.br\/sites\/paralelo10\/wp-json\/wp\/v2\/categories?post=3433"},{"taxonomy":"post_tag","embeddable":true,"href":"https:\/\/ultimato.com.br\/sites\/paralelo10\/wp-json\/wp\/v2\/tags?post=3433"}],"curies":[{"name":"wp","href":"https:\/\/api.w.org\/{rel}","templated":true}]}}