{"id":3426,"date":"2013-11-27T09:54:54","date_gmt":"2013-11-27T12:54:54","guid":{"rendered":"http:\/\/ultimato.com.br\/sites\/paralelo10\/?p=3426"},"modified":"2013-12-16T09:13:24","modified_gmt":"2013-12-16T12:13:24","slug":"tres-em-cada-quatro-municipios-do-nordeste-estao-em-emergencia-pela-seca","status":"publish","type":"post","link":"https:\/\/ultimato.com.br\/sites\/paralelo10\/2013\/11\/tres-em-cada-quatro-municipios-do-nordeste-estao-em-emergencia-pela-seca\/","title":{"rendered":"Tr\u00eas em cada quatro munic\u00edpios do Nordeste est\u00e3o em emerg\u00eancia pela seca"},"content":{"rendered":"<p>&nbsp;<\/p>\n<div id=\"attachment_3427\" style=\"width: 310px\" class=\"wp-caption alignright\"><a href=\"http:\/\/ultimato.com.br\/sites\/paralelo10\/files\/2013\/11\/p10_27_11_13_sertao_alison.jpg\" class=\"lightview\" data-lightview-group=\"group-3426\" data-lightview-options=\"skin: 'dark', controls: 'relative', padding: '10', shadow: { color: '#000000', opacity: 0.08, blur: 3 }\"><img loading=\"lazy\" decoding=\"async\" aria-describedby=\"caption-attachment-3427\" class=\"size-medium wp-image-3427\" alt=\"Paisagem do sert\u00e3o. Foto: Alison Worrall \" src=\"http:\/\/ultimato.com.br\/sites\/paralelo10\/files\/2013\/11\/p10_27_11_13_sertao_alison-300x254.jpg\" width=\"300\" height=\"254\" srcset=\"https:\/\/ultimato.com.br\/sites\/paralelo10\/files\/2013\/11\/p10_27_11_13_sertao_alison-300x254.jpg 300w, https:\/\/ultimato.com.br\/sites\/paralelo10\/files\/2013\/11\/p10_27_11_13_sertao_alison-150x127.jpg 150w, https:\/\/ultimato.com.br\/sites\/paralelo10\/files\/2013\/11\/p10_27_11_13_sertao_alison.jpg 349w\" sizes=\"auto, (max-width: 300px) 100vw, 300px\" \/><\/a><p id=\"caption-attachment-3427\" class=\"wp-caption-text\">Paisagem do sert\u00e3o. Foto: Alison Worrall<\/p><\/div>\n<p>O agravamento da seca no Nordeste &#8211; considerada a mais intensa em 50 anos &#8211; levou a regi\u00e3o a ter recorde de munic\u00edpios em situa\u00e7\u00e3o de emerg\u00eancia em 2013: 1.332 munic\u00edpios (ou 74,2% das cidades nordestinas) est\u00e3o na situa\u00e7\u00e3o excepcional e recebem apoio dos governos estaduais e federal para abastecer comunidades. O site UOL traz uma mat\u00e9ria sobre o assunto, com gr\u00e1ficos e fotos. Leia a not\u00edcia completa <a href=\"http:\/\/noticias.uol.com.br\/cotidiano\/ultimas-noticias\/2013\/11\/26\/tres-em-cada-quatro-municipios-do-nordeste-estao-em-emergencia-pela-seca.htm\">aqui<\/a>.<\/p>\n<p>Conhe\u00e7a alguns minist\u00e9rios amigos do Paralelo 10 que trabalham no sert\u00e3o nordestino:<\/p>\n<p>&#8211; <a href=\"http:\/\/www.acevbrasil.org.br\/\">ACEV <\/a><\/p>\n<p>&#8211; <a href=\"http:\/\/juvep.com.br\/v2\/\">JUVEP <\/a><\/p>\n<p>&#8211; <a href=\"http:\/\/www.visaomundial.org.br\/\">Vis\u00e3o Mundial <\/a><\/p>\n<p>&#8211; <a href=\"https:\/\/www.facebook.com\/pages\/Projeto-Mais-%C3%81gua\/455391547815400\">Mais \u00c1gua <\/a><\/p>\n<p>&#8211; <a href=\"http:\/\/www.bandasaldaterra.com.br\/\">Banda Sal da Terra <\/a><\/p>\n<p>&#8211; <a href=\"http:\/\/www.jocummaceio.org\/\" target=\"_blank\">JOCUM Macei\u00f3<\/a><\/p>\n<p>Se voc\u00ea tamb\u00e9m trabalha no sert\u00e3o nordestino, informe seus contatos. Se voc\u00ea deseja ajudar as v\u00edtimas da seca na regi\u00e3o, entre em contato com algumas destas informa\u00e7\u00f5es.<\/p>\n<p>&nbsp;<\/p>\n<p>Atualizado em 16\/12\/2013, \u00e0s 10:13.<\/p>\n","protected":false},"excerpt":{"rendered":"<p>&nbsp; O agravamento da seca no Nordeste &#8211; considerada a mais intensa em 50 anos &#8211; levou a regi\u00e3o a ter recorde de munic\u00edpios em situa\u00e7\u00e3o de emerg\u00eancia em 2013: 1.332 munic\u00edpios (ou 74,2% das cidades nordestinas) est\u00e3o na situa\u00e7\u00e3o excepcional e recebem apoio dos governos estaduais e federal para abastecer comunidades. O site UOL [&hellip;]<\/p>\n","protected":false},"author":2,"featured_media":0,"comment_status":"open","ping_status":"open","sticky":false,"template":"","format":"standard","meta":{"ngg_post_thumbnail":0,"footnotes":""},"categories":[7],"tags":[],"class_list":["post-3426","post","type-post","status-publish","format-standard","hentry","category-noticias"],"_links":{"self":[{"href":"https:\/\/ultimato.com.br\/sites\/paralelo10\/wp-json\/wp\/v2\/posts\/3426","targetHints":{"allow":["GET"]}}],"collection":[{"href":"https:\/\/ultimato.com.br\/sites\/paralelo10\/wp-json\/wp\/v2\/posts"}],"about":[{"href":"https:\/\/ultimato.com.br\/sites\/paralelo10\/wp-json\/wp\/v2\/types\/post"}],"author":[{"embeddable":true,"href":"https:\/\/ultimato.com.br\/sites\/paralelo10\/wp-json\/wp\/v2\/users\/2"}],"replies":[{"embeddable":true,"href":"https:\/\/ultimato.com.br\/sites\/paralelo10\/wp-json\/wp\/v2\/comments?post=3426"}],"version-history":[{"count":4,"href":"https:\/\/ultimato.com.br\/sites\/paralelo10\/wp-json\/wp\/v2\/posts\/3426\/revisions"}],"predecessor-version":[{"id":3449,"href":"https:\/\/ultimato.com.br\/sites\/paralelo10\/wp-json\/wp\/v2\/posts\/3426\/revisions\/3449"}],"wp:attachment":[{"href":"https:\/\/ultimato.com.br\/sites\/paralelo10\/wp-json\/wp\/v2\/media?parent=3426"}],"wp:term":[{"taxonomy":"category","embeddable":true,"href":"https:\/\/ultimato.com.br\/sites\/paralelo10\/wp-json\/wp\/v2\/categories?post=3426"},{"taxonomy":"post_tag","embeddable":true,"href":"https:\/\/ultimato.com.br\/sites\/paralelo10\/wp-json\/wp\/v2\/tags?post=3426"}],"curies":[{"name":"wp","href":"https:\/\/api.w.org\/{rel}","templated":true}]}}