{"id":3363,"date":"2013-11-06T07:55:04","date_gmt":"2013-11-06T10:55:04","guid":{"rendered":"http:\/\/ultimato.com.br\/sites\/paralelo10\/?p=3363"},"modified":"2013-11-06T07:55:04","modified_gmt":"2013-11-06T10:55:04","slug":"plantando-sementes-e-construindo-alicerces","status":"publish","type":"post","link":"https:\/\/ultimato.com.br\/sites\/paralelo10\/2013\/11\/plantando-sementes-e-construindo-alicerces\/","title":{"rendered":"Plantando sementes e construindo alicerces"},"content":{"rendered":"<p><em style=\"font-size: 13px;\">Por Phelipe Reis<\/em><\/p>\n<p><a href=\"http:\/\/ultimato.com.br\/sites\/paralelo10\/files\/2013\/11\/p10_06_11_13_phelipe_criancas.jpg\" class=\"lightview\" data-lightview-group=\"group-3363\" data-lightview-options=\"skin: 'dark', controls: 'relative', padding: '10', shadow: { color: '#000000', opacity: 0.08, blur: 3 }\"><img loading=\"lazy\" decoding=\"async\" class=\"alignright size-full wp-image-3364\" alt=\"p10_06_11_13_phelipe_criancas\" src=\"http:\/\/ultimato.com.br\/sites\/paralelo10\/files\/2013\/11\/p10_06_11_13_phelipe_criancas.jpg\" width=\"408\" height=\"272\" srcset=\"https:\/\/ultimato.com.br\/sites\/paralelo10\/files\/2013\/11\/p10_06_11_13_phelipe_criancas.jpg 408w, https:\/\/ultimato.com.br\/sites\/paralelo10\/files\/2013\/11\/p10_06_11_13_phelipe_criancas-300x200.jpg 300w, https:\/\/ultimato.com.br\/sites\/paralelo10\/files\/2013\/11\/p10_06_11_13_phelipe_criancas-150x100.jpg 150w\" sizes=\"auto, (max-width: 408px) 100vw, 408px\" \/><\/a>Eu e minha esposa moramos em Parintins, cidade do interior do Amazonas. Desde 2011 desenvolvemos um trabalho com crian\u00e7as numa pequena congrega\u00e7\u00e3o, em contexto de vulnerabilidade social.<\/p>\n<p>O que nos move a dedicar nosso tempo, dons e recursos para servir os pequeninos \u00e9 ajud\u00e1-los a andarem com Cristo num caminho de vida, alegria e paz, mesmo em meio \u00e0s mazelas da realidade. N\u00e3o queremos, por outro lado, que eles enveredem pelo caminho das drogas, marginalidade e prostitui\u00e7\u00e3o.<\/p>\n<p>Aos domingos pela manh\u00e3 acontece a escola b\u00edblica, onde o ensino da B\u00edblia \u00e9 transmitido por meio de m\u00fasicas, hist\u00f3rias e atividades l\u00fadicas. A dan\u00e7a e a m\u00fasica s\u00e3o nossas aliadas nesta miss\u00e3o. Em 2012, criamos o grupo Kadosh, com o objetivo de oportunizar aos pequeninos a pr\u00e1tica e o desenvolvimento de habilidades art\u00edsticas. Al\u00e9m de ocupar hor\u00e1rios livres durante a semana, quando geralmente as crian\u00e7as ficavam na rua, refor\u00e7amos durante as oficinas os princ\u00edpios ensinados na escola b\u00edblica dominical.<\/p>\n<p>A ideia de criar o grupo Kadosh surgiu quando identificamos a necessidade de estar com as crian\u00e7as mais que apenas uma hora por semana, na EBD. Quanto mais tempo passamos juntos, mais podemos influenci\u00e1-las positivamente. Esse contato mais intenso \u00e9 necess\u00e1rio para que o ensino que tentamos transmitir seja regado e possa crescer, j\u00e1 que a realidade das crian\u00e7as \u00e9 recheada de situa\u00e7\u00f5es capazes de afast\u00e1-las do caminho de Cristo ao inv\u00e9s de aproxim\u00e1-las.<\/p>\n<p>\u00c9 um grande desafio semear os valores crist\u00e3os no cora\u00e7\u00e3o das crian\u00e7as, pois s\u00e3o indiv\u00edduos em constru\u00e7\u00e3o, reprodutores de atitudes e exemplos bons ou ruins &#8211; geralmente dos adultos que elas tomam como refer\u00eancia. O conjunto familiar \u00e9 um dos ambientes que mais influencia na forma\u00e7\u00e3o da crian\u00e7a, uma vez que a assimila\u00e7\u00e3o \u00e9 f\u00e1cil por conta da conviv\u00eancia. Sem os \u201cfiltros\u201d que uma pessoa adulta possui, a crian\u00e7a acaba absorvendo valores (muitas vezes contr\u00e1rios \u00e0 f\u00e9 crist\u00e3) que desenvolver\u00e1, caso sejam estimulados e refor\u00e7ados, mesmo que involuntariamente.<\/p>\n<p>Diante deste grande desafio, oramos e trabalhamos arduamente para que cada semente plantada e cada princ\u00edpio ensinado sejam transmitidos da melhor forma poss\u00edvel \u00e0s crian\u00e7as. E que as sementes sejam bem regadas para que possam germinar, crescer e influenciar o futuro dos pequeninos.<\/p>\n<p>Ap\u00f3s tr\u00eas anos de trabalho j\u00e1 conseguimos ver os resultados. O vocabul\u00e1rio j\u00e1 n\u00e3o \u00e9 mais o mesmo. A forma de se comportar mudou. O respeito e a obedi\u00eancia, que antes eram coisas dif\u00edceis de praticarem, hoje \u00e9 algo comum entre elas. Realmente \u00e9 uma obra recompensadora e gratificante. Sobretudo, \u00e9 uma quest\u00e3o de f\u00e9 \u2013 acreditar e esperar que o fundamento semeado hoje se torne alicerce para o futuro das crian\u00e7as.<\/p>\n<p>____________<\/p>\n<p><strong>Phelipe Reis<\/strong>, mission\u00e1rio, acad\u00eamico de jornalismo, casado com Lu\u00edze Reis. Ambos desenvolvem um trabalho com crian\u00e7as em Parintins, cidade do interior do Amazonas. Phelipe \u00e9 o representante do Paralelo 10 na cidade.<\/p>\n\n\t\t<style type=\"text\/css\">\n\t\t\t#gallery-1 {\n\t\t\t\tmargin: auto;\n\t\t\t}\n\t\t\t#gallery-1 .gallery-item {\n\t\t\t\tfloat: left;\n\t\t\t\tmargin-top: 10px;\n\t\t\t\ttext-align: center;\n\t\t\t\twidth: 33%;\n\t\t\t}\n\t\t\t#gallery-1 img {\n\t\t\t\tborder: 2px solid #cfcfcf;\n\t\t\t}\n\t\t\t#gallery-1 .gallery-caption {\n\t\t\t\tmargin-left: 0;\n\t\t\t}\n\t\t\t\/* see gallery_shortcode() in wp-includes\/media.php *\/\n\t\t<\/style>\n\t\t<div id='gallery-1' class='gallery galleryid-3363 gallery-columns-3 gallery-size-thumbnail'><dl class='gallery-item'>\n\t\t\t<dt class='gallery-icon landscape'>\n\t\t\t\t<a href='https:\/\/ultimato.com.br\/sites\/paralelo10\/files\/2013\/11\/p10_06_11_13_criancas_parintins.jpg#main'><img loading=\"lazy\" decoding=\"async\" width=\"150\" height=\"150\" src=\"https:\/\/ultimato.com.br\/sites\/paralelo10\/files\/2013\/11\/p10_06_11_13_criancas_parintins-150x150.jpg\" class=\"attachment-thumbnail size-thumbnail\" alt=\"\" srcset=\"https:\/\/ultimato.com.br\/sites\/paralelo10\/files\/2013\/11\/p10_06_11_13_criancas_parintins-150x150.jpg 150w, https:\/\/ultimato.com.br\/sites\/paralelo10\/files\/2013\/11\/p10_06_11_13_criancas_parintins-80x80.jpg 80w\" sizes=\"auto, (max-width: 150px) 100vw, 150px\" \/><\/a>\n\t\t\t<\/dt><\/dl><dl class='gallery-item'>\n\t\t\t<dt class='gallery-icon landscape'>\n\t\t\t\t<a href='https:\/\/ultimato.com.br\/sites\/paralelo10\/files\/2013\/11\/p10_06_11_13_criancas_parintins2.jpg#main'><img loading=\"lazy\" decoding=\"async\" width=\"150\" height=\"150\" src=\"https:\/\/ultimato.com.br\/sites\/paralelo10\/files\/2013\/11\/p10_06_11_13_criancas_parintins2-150x150.jpg\" class=\"attachment-thumbnail size-thumbnail\" alt=\"\" srcset=\"https:\/\/ultimato.com.br\/sites\/paralelo10\/files\/2013\/11\/p10_06_11_13_criancas_parintins2-150x150.jpg 150w, https:\/\/ultimato.com.br\/sites\/paralelo10\/files\/2013\/11\/p10_06_11_13_criancas_parintins2-80x80.jpg 80w\" sizes=\"auto, (max-width: 150px) 100vw, 150px\" \/><\/a>\n\t\t\t<\/dt><\/dl>\n\t\t\t<br style='clear: both' \/>\n\t\t<\/div>\n\n","protected":false},"excerpt":{"rendered":"<p>Por Phelipe Reis Eu e minha esposa moramos em Parintins, cidade do interior do Amazonas. Desde 2011 desenvolvemos um trabalho com crian\u00e7as numa pequena congrega\u00e7\u00e3o, em contexto de vulnerabilidade social. O que nos move a dedicar nosso tempo, dons e recursos para servir os pequeninos \u00e9 ajud\u00e1-los a andarem com Cristo num caminho de vida, [&hellip;]<\/p>\n","protected":false},"author":2,"featured_media":0,"comment_status":"open","ping_status":"open","sticky":false,"template":"","format":"standard","meta":{"ngg_post_thumbnail":0,"footnotes":""},"categories":[6,95],"tags":[],"class_list":["post-3363","post","type-post","status-publish","format-standard","hentry","category-bom-tempero","category-testemunhos"],"_links":{"self":[{"href":"https:\/\/ultimato.com.br\/sites\/paralelo10\/wp-json\/wp\/v2\/posts\/3363","targetHints":{"allow":["GET"]}}],"collection":[{"href":"https:\/\/ultimato.com.br\/sites\/paralelo10\/wp-json\/wp\/v2\/posts"}],"about":[{"href":"https:\/\/ultimato.com.br\/sites\/paralelo10\/wp-json\/wp\/v2\/types\/post"}],"author":[{"embeddable":true,"href":"https:\/\/ultimato.com.br\/sites\/paralelo10\/wp-json\/wp\/v2\/users\/2"}],"replies":[{"embeddable":true,"href":"https:\/\/ultimato.com.br\/sites\/paralelo10\/wp-json\/wp\/v2\/comments?post=3363"}],"version-history":[{"count":1,"href":"https:\/\/ultimato.com.br\/sites\/paralelo10\/wp-json\/wp\/v2\/posts\/3363\/revisions"}],"predecessor-version":[{"id":3367,"href":"https:\/\/ultimato.com.br\/sites\/paralelo10\/wp-json\/wp\/v2\/posts\/3363\/revisions\/3367"}],"wp:attachment":[{"href":"https:\/\/ultimato.com.br\/sites\/paralelo10\/wp-json\/wp\/v2\/media?parent=3363"}],"wp:term":[{"taxonomy":"category","embeddable":true,"href":"https:\/\/ultimato.com.br\/sites\/paralelo10\/wp-json\/wp\/v2\/categories?post=3363"},{"taxonomy":"post_tag","embeddable":true,"href":"https:\/\/ultimato.com.br\/sites\/paralelo10\/wp-json\/wp\/v2\/tags?post=3363"}],"curies":[{"name":"wp","href":"https:\/\/api.w.org\/{rel}","templated":true}]}}