{"id":3358,"date":"2013-11-04T10:23:36","date_gmt":"2013-11-04T13:23:36","guid":{"rendered":"http:\/\/ultimato.com.br\/sites\/paralelo10\/?p=3358"},"modified":"2013-11-04T10:31:21","modified_gmt":"2013-11-04T13:31:21","slug":"1o-encontro-estadual-da-renas-bahia","status":"publish","type":"post","link":"https:\/\/ultimato.com.br\/sites\/paralelo10\/2013\/11\/1o-encontro-estadual-da-renas-bahia\/","title":{"rendered":"1\u00ba Encontro Estadual da RENAS Bahia"},"content":{"rendered":"<p><a href=\"http:\/\/ultimato.com.br\/sites\/paralelo10\/files\/2013\/11\/renas_bahia.jpg\" class=\"lightview\" data-lightview-group=\"group-3358\" data-lightview-options=\"skin: 'dark', controls: 'relative', padding: '10', shadow: { color: '#000000', opacity: 0.08, blur: 3 }\"><img loading=\"lazy\" decoding=\"async\" class=\"alignright size-full wp-image-3359\" alt=\"renas_bahia\" src=\"http:\/\/ultimato.com.br\/sites\/paralelo10\/files\/2013\/11\/renas_bahia.jpg\" width=\"280\" height=\"205\" srcset=\"https:\/\/ultimato.com.br\/sites\/paralelo10\/files\/2013\/11\/renas_bahia.jpg 280w, https:\/\/ultimato.com.br\/sites\/paralelo10\/files\/2013\/11\/renas_bahia-150x109.jpg 150w\" sizes=\"auto, (max-width: 280px) 100vw, 280px\" \/><\/a>Convidamos voc\u00ea para o <strong>1\u00ba Encontro Estadual da RENAS Bahia<\/strong>. Este \u00e9 considerado o primeiro encontro, pois os anteriores foram apenas reuni\u00f5es de car\u00e1ter mais informativo e administrativo. Desta vez haver\u00e1 capacita\u00e7\u00e3o com palestras, pain\u00e9is, artes, mensagens inspirativas e muitas oportunidades de comunh\u00e3o e compartilhamento.<\/p>\n<p>O encontro come\u00e7ar\u00e1 na sexta-feira, dia 29 de novembro, no final da tarde, e terminar\u00e1 no s\u00e1bado (dia 30\/11) tamb\u00e9m no final da tarde. As informa\u00e7\u00f5es iniciais est\u00e3o logo abaixo.<\/p>\n<p>N\u00e3o perca esta oportunidade de conhecer a RENAS e saber o que Deus est\u00e1 fazendo em todo Brasil por meio da a\u00e7\u00e3o social.<\/p>\n<p>&nbsp;<\/p>\n<p><!--more--><br \/>\n<strong>Servi\u00e7o:<\/strong><br \/>\n1\u00ba Encontro Estadual da RENAS Bahia (Rede Evang\u00e9lica Nacional de A\u00e7\u00e3o Social)<br \/>\nTema: Igreja e participa\u00e7\u00e3o social<br \/>\nLocal: 2\u00aa Igreja Batista em Cama\u00e7ari (BA)<br \/>\nData: 29 e 30 de novembro de 2013<br \/>\nPreletores confirmados:<br \/>\nMarcel Camargo, diretor do CADI\/BRASIL<br \/>\nRoberto Diamanso (louvor)<\/p>\n<p>Confirme sua presen\u00e7a na p\u00e1gina da RENAS Bahia no <a href=\"https:\/\/facebook.com\/events\/400979126698056\/\" target=\"_blank\">Facebook<\/a>.<\/p>\n","protected":false},"excerpt":{"rendered":"<p>Convidamos voc\u00ea para o 1\u00ba Encontro Estadual da RENAS Bahia. Este \u00e9 considerado o primeiro encontro, pois os anteriores foram apenas reuni\u00f5es de car\u00e1ter mais informativo e administrativo. Desta vez haver\u00e1 capacita\u00e7\u00e3o com palestras, pain\u00e9is, artes, mensagens inspirativas e muitas oportunidades de comunh\u00e3o e compartilhamento. O encontro come\u00e7ar\u00e1 na sexta-feira, dia 29 de novembro, no [&hellip;]<\/p>\n","protected":false},"author":2,"featured_media":0,"comment_status":"open","ping_status":"open","sticky":false,"template":"","format":"standard","meta":{"ngg_post_thumbnail":0,"footnotes":""},"categories":[1],"tags":[],"class_list":["post-3358","post","type-post","status-publish","format-standard","hentry","category-uncategorized"],"_links":{"self":[{"href":"https:\/\/ultimato.com.br\/sites\/paralelo10\/wp-json\/wp\/v2\/posts\/3358","targetHints":{"allow":["GET"]}}],"collection":[{"href":"https:\/\/ultimato.com.br\/sites\/paralelo10\/wp-json\/wp\/v2\/posts"}],"about":[{"href":"https:\/\/ultimato.com.br\/sites\/paralelo10\/wp-json\/wp\/v2\/types\/post"}],"author":[{"embeddable":true,"href":"https:\/\/ultimato.com.br\/sites\/paralelo10\/wp-json\/wp\/v2\/users\/2"}],"replies":[{"embeddable":true,"href":"https:\/\/ultimato.com.br\/sites\/paralelo10\/wp-json\/wp\/v2\/comments?post=3358"}],"version-history":[{"count":2,"href":"https:\/\/ultimato.com.br\/sites\/paralelo10\/wp-json\/wp\/v2\/posts\/3358\/revisions"}],"predecessor-version":[{"id":3361,"href":"https:\/\/ultimato.com.br\/sites\/paralelo10\/wp-json\/wp\/v2\/posts\/3358\/revisions\/3361"}],"wp:attachment":[{"href":"https:\/\/ultimato.com.br\/sites\/paralelo10\/wp-json\/wp\/v2\/media?parent=3358"}],"wp:term":[{"taxonomy":"category","embeddable":true,"href":"https:\/\/ultimato.com.br\/sites\/paralelo10\/wp-json\/wp\/v2\/categories?post=3358"},{"taxonomy":"post_tag","embeddable":true,"href":"https:\/\/ultimato.com.br\/sites\/paralelo10\/wp-json\/wp\/v2\/tags?post=3358"}],"curies":[{"name":"wp","href":"https:\/\/api.w.org\/{rel}","templated":true}]}}