{"id":3355,"date":"2013-11-01T13:31:51","date_gmt":"2013-11-01T16:31:51","guid":{"rendered":"http:\/\/ultimato.com.br\/sites\/paralelo10\/?p=3355"},"modified":"2013-11-01T13:31:51","modified_gmt":"2013-11-01T16:31:51","slug":"acre-e-parte-do-amazonas-voltam-a-ter-duas-horas-a-menos-que-brasilia","status":"publish","type":"post","link":"https:\/\/ultimato.com.br\/sites\/paralelo10\/2013\/11\/acre-e-parte-do-amazonas-voltam-a-ter-duas-horas-a-menos-que-brasilia\/","title":{"rendered":"Acre e parte do Amazonas voltam a ter duas horas a menos que Bras\u00edlia"},"content":{"rendered":"<p><a href=\"http:\/\/ultimato.com.br\/sites\/paralelo10\/files\/2013\/11\/all-in-time-1378002-m.jpg\" class=\"lightview\" data-lightview-group=\"group-3355\" data-lightview-options=\"skin: 'dark', controls: 'relative', padding: '10', shadow: { color: '#000000', opacity: 0.08, blur: 3 }\"><img loading=\"lazy\" decoding=\"async\" class=\"alignright size-full wp-image-3356\" alt=\"all-in-time-1378002-m\" src=\"http:\/\/ultimato.com.br\/sites\/paralelo10\/files\/2013\/11\/all-in-time-1378002-m.jpg\" width=\"300\" height=\"240\" srcset=\"https:\/\/ultimato.com.br\/sites\/paralelo10\/files\/2013\/11\/all-in-time-1378002-m.jpg 300w, https:\/\/ultimato.com.br\/sites\/paralelo10\/files\/2013\/11\/all-in-time-1378002-m-150x120.jpg 150w\" sizes=\"auto, (max-width: 300px) 100vw, 300px\" \/><\/a>A presidenta Dilma Rousseff sancionou a Lei 12.876\/2013, que alterou o Decreto 2.784\/1913, para restabelecer os fusos hor\u00e1rios do Acre e de parte do Amazonas, at\u00e9 ent\u00e3o reduzidos para uma hora pela Lei 11.662\/2008, que foi revogada. Com isso, Acre e a parte do Amazonas que fica a oeste da linha que, partindo de Tabatinga (AM) segue at\u00e9 Porto Acre (AC), voltam a ter duas horas a menos que Bras\u00edlia. A lei foi publicada ontem (31) no <a href=\"http:\/\/pesquisa.in.gov.br\/imprensa\/jsp\/visualiza\/index.jsp?jornal=1&amp;pagina=1&amp;data=31\/10\/2013\" target=\"_blank\">Di\u00e1rio Oficial da Uni\u00e3o<\/a> e entra em vigor no segundo domingo de novembro.<\/p>\n<p>Mato Grosso, Mato Grosso do Sul, Rond\u00f4nia e Roraima e a parte do Amazonas que fica a leste da linha que, partindo de Tabatinga (AM) segue at\u00e9 Porto Acre (AC), permanecem com uma hora a menos de Bras\u00edlia.<br \/>\n_________________<br \/>\nCom informa\u00e7\u00f5es da Ag\u00eancia Brasil. Edi\u00e7\u00e3o: Talita Cavalcante.<\/p>\n","protected":false},"excerpt":{"rendered":"<p>A presidenta Dilma Rousseff sancionou a Lei 12.876\/2013, que alterou o Decreto 2.784\/1913, para restabelecer os fusos hor\u00e1rios do Acre e de parte do Amazonas, at\u00e9 ent\u00e3o reduzidos para uma hora pela Lei 11.662\/2008, que foi revogada. Com isso, Acre e a parte do Amazonas que fica a oeste da linha que, partindo de Tabatinga [&hellip;]<\/p>\n","protected":false},"author":2,"featured_media":0,"comment_status":"open","ping_status":"open","sticky":false,"template":"","format":"standard","meta":{"ngg_post_thumbnail":0,"footnotes":""},"categories":[7],"tags":[],"class_list":["post-3355","post","type-post","status-publish","format-standard","hentry","category-noticias"],"_links":{"self":[{"href":"https:\/\/ultimato.com.br\/sites\/paralelo10\/wp-json\/wp\/v2\/posts\/3355","targetHints":{"allow":["GET"]}}],"collection":[{"href":"https:\/\/ultimato.com.br\/sites\/paralelo10\/wp-json\/wp\/v2\/posts"}],"about":[{"href":"https:\/\/ultimato.com.br\/sites\/paralelo10\/wp-json\/wp\/v2\/types\/post"}],"author":[{"embeddable":true,"href":"https:\/\/ultimato.com.br\/sites\/paralelo10\/wp-json\/wp\/v2\/users\/2"}],"replies":[{"embeddable":true,"href":"https:\/\/ultimato.com.br\/sites\/paralelo10\/wp-json\/wp\/v2\/comments?post=3355"}],"version-history":[{"count":1,"href":"https:\/\/ultimato.com.br\/sites\/paralelo10\/wp-json\/wp\/v2\/posts\/3355\/revisions"}],"predecessor-version":[{"id":3357,"href":"https:\/\/ultimato.com.br\/sites\/paralelo10\/wp-json\/wp\/v2\/posts\/3355\/revisions\/3357"}],"wp:attachment":[{"href":"https:\/\/ultimato.com.br\/sites\/paralelo10\/wp-json\/wp\/v2\/media?parent=3355"}],"wp:term":[{"taxonomy":"category","embeddable":true,"href":"https:\/\/ultimato.com.br\/sites\/paralelo10\/wp-json\/wp\/v2\/categories?post=3355"},{"taxonomy":"post_tag","embeddable":true,"href":"https:\/\/ultimato.com.br\/sites\/paralelo10\/wp-json\/wp\/v2\/tags?post=3355"}],"curies":[{"name":"wp","href":"https:\/\/api.w.org\/{rel}","templated":true}]}}