{"id":3351,"date":"2013-11-01T11:09:01","date_gmt":"2013-11-01T14:09:01","guid":{"rendered":"http:\/\/ultimato.com.br\/sites\/paralelo10\/?p=3351"},"modified":"2013-11-01T11:09:01","modified_gmt":"2013-11-01T14:09:01","slug":"nao-desperdice-sua-vida","status":"publish","type":"post","link":"https:\/\/ultimato.com.br\/sites\/paralelo10\/2013\/11\/nao-desperdice-sua-vida\/","title":{"rendered":"N\u00e3o desperdice sua vida!"},"content":{"rendered":"<p><a href=\"http:\/\/ultimato.com.br\/sites\/paralelo10\/files\/2013\/11\/CARTAZ-E42013-JPEG.jpg\" class=\"lightview\" data-lightview-group=\"group-3351\" data-lightview-options=\"skin: 'dark', controls: 'relative', padding: '10', shadow: { color: '#000000', opacity: 0.08, blur: 3 }\"><img loading=\"lazy\" decoding=\"async\" class=\"alignright  wp-image-3352\" alt=\"CARTAZ E42013 JPEG\" src=\"http:\/\/ultimato.com.br\/sites\/paralelo10\/files\/2013\/11\/CARTAZ-E42013-JPEG.jpg\" width=\"406\" height=\"541\" srcset=\"https:\/\/ultimato.com.br\/sites\/paralelo10\/files\/2013\/11\/CARTAZ-E42013-JPEG.jpg 1129w, https:\/\/ultimato.com.br\/sites\/paralelo10\/files\/2013\/11\/CARTAZ-E42013-JPEG-225x300.jpg 225w, https:\/\/ultimato.com.br\/sites\/paralelo10\/files\/2013\/11\/CARTAZ-E42013-JPEG-768x1024.jpg 768w, https:\/\/ultimato.com.br\/sites\/paralelo10\/files\/2013\/11\/CARTAZ-E42013-JPEG-112x150.jpg 112w\" sizes=\"auto, (max-width: 406px) 100vw, 406px\" \/><\/a>De 14 e 17 de novembro, acontecer\u00e1 na Primeira Igreja Presbiteriana de Jo\u00e3o Pessoa (PB), o <strong>Encontro Estadual de Estudantes Evang\u00e9licos 2013<\/strong>. Mais conhecido como \u201cE4\u201d, este \u00e9 um evento promovido pela Alian\u00e7a B\u00edblica Universit\u00e1ria do Brasil, que ocorre desde os anos 70, onde estudantes evang\u00e9licos da Para\u00edba e de estados vizinhos, encontram-se para troca de experi\u00eancias, capacita\u00e7\u00e3o e discuss\u00e3o sobre os desafios da juventude no s\u00e9culo 21.<\/p>\n<p>A programa\u00e7\u00e3o conta com palestras, oficinas, mostras de arte e cultura crist\u00e3, mesas\u2013redondas e momentos de intera\u00e7\u00e3o entre os estudantes. Entre os preletores confirmados podemos destacar a presen\u00e7a dos missi\u00f3logos Jorge Noda e B\u00e1rbara Burns.<\/p>\n<p>O tema do evento ser\u00e1 \u201cN\u00e3o desperdice sua vida\u201d, baseado no best-seller do escritor John Piper. Todas as palestras ser\u00e3o em torno do tema.<\/p>\n<p>Entre as oficinas oferecidas podemos destacar: \u201cMiss\u00e3o Integral\u201d, \u201cFilosofia e F\u00e9 Crist\u00e3\u201d, \u201cF\u00e9 e Cultura\u201d, \u201cMontando um Estudo B\u00edblico Indutivo\u201d, \u201cComo abrir um n\u00facleo de Estudo B\u00edblico na Universidade\u201d, \u201cVida profissional e f\u00e9\u201d e \u201cO estudante crist\u00e3o e a viol\u00eancia na escola\u201d. Para mais informa\u00e7\u00f5es, acesse o blog www.e4pb.blogspot.com.br<\/p>\n","protected":false},"excerpt":{"rendered":"<p>De 14 e 17 de novembro, acontecer\u00e1 na Primeira Igreja Presbiteriana de Jo\u00e3o Pessoa (PB), o Encontro Estadual de Estudantes Evang\u00e9licos 2013. Mais conhecido como \u201cE4\u201d, este \u00e9 um evento promovido pela Alian\u00e7a B\u00edblica Universit\u00e1ria do Brasil, que ocorre desde os anos 70, onde estudantes evang\u00e9licos da Para\u00edba e de estados vizinhos, encontram-se para troca [&hellip;]<\/p>\n","protected":false},"author":2,"featured_media":0,"comment_status":"open","ping_status":"open","sticky":false,"template":"","format":"standard","meta":{"ngg_post_thumbnail":0,"footnotes":""},"categories":[1],"tags":[],"class_list":["post-3351","post","type-post","status-publish","format-standard","hentry","category-uncategorized"],"_links":{"self":[{"href":"https:\/\/ultimato.com.br\/sites\/paralelo10\/wp-json\/wp\/v2\/posts\/3351","targetHints":{"allow":["GET"]}}],"collection":[{"href":"https:\/\/ultimato.com.br\/sites\/paralelo10\/wp-json\/wp\/v2\/posts"}],"about":[{"href":"https:\/\/ultimato.com.br\/sites\/paralelo10\/wp-json\/wp\/v2\/types\/post"}],"author":[{"embeddable":true,"href":"https:\/\/ultimato.com.br\/sites\/paralelo10\/wp-json\/wp\/v2\/users\/2"}],"replies":[{"embeddable":true,"href":"https:\/\/ultimato.com.br\/sites\/paralelo10\/wp-json\/wp\/v2\/comments?post=3351"}],"version-history":[{"count":1,"href":"https:\/\/ultimato.com.br\/sites\/paralelo10\/wp-json\/wp\/v2\/posts\/3351\/revisions"}],"predecessor-version":[{"id":3353,"href":"https:\/\/ultimato.com.br\/sites\/paralelo10\/wp-json\/wp\/v2\/posts\/3351\/revisions\/3353"}],"wp:attachment":[{"href":"https:\/\/ultimato.com.br\/sites\/paralelo10\/wp-json\/wp\/v2\/media?parent=3351"}],"wp:term":[{"taxonomy":"category","embeddable":true,"href":"https:\/\/ultimato.com.br\/sites\/paralelo10\/wp-json\/wp\/v2\/categories?post=3351"},{"taxonomy":"post_tag","embeddable":true,"href":"https:\/\/ultimato.com.br\/sites\/paralelo10\/wp-json\/wp\/v2\/tags?post=3351"}],"curies":[{"name":"wp","href":"https:\/\/api.w.org\/{rel}","templated":true}]}}