{"id":3239,"date":"2013-10-09T08:31:18","date_gmt":"2013-10-09T11:31:18","guid":{"rendered":"http:\/\/ultimato.com.br\/sites\/paralelo10\/?p=3239"},"modified":"2013-10-09T08:37:40","modified_gmt":"2013-10-09T11:37:40","slug":"o-evangelho-todo-para-o-homem-todo-para-todas-as-comunidades","status":"publish","type":"post","link":"https:\/\/ultimato.com.br\/sites\/paralelo10\/2013\/10\/o-evangelho-todo-para-o-homem-todo-para-todas-as-comunidades\/","title":{"rendered":"O Evangelho todo para o homem todo para todas as comunidades"},"content":{"rendered":"<p>Acontece de 16 a 19 de outubro, em Natal (RN), o Congresso ALEF para Pastores e L\u00edderes com o tema \u201cO Evangelho Todo para o Homem Todo para Todas as Comunidades\u201d.<\/p>\n<p>Bebendo na fonte do Pacto de Lausanne de 1974, o evento organizado pela Associa\u00e7\u00e3o de L\u00edderes Evang\u00e9licos de Felipe Camar\u00e3o (ALEF), um bairro da periferia de Natal, promete reunir preletores que s\u00e3o refer\u00eancia nacional e internacional.<\/p>\n<p>Leia os detalhes <a href=\"http:\/\/www.ultimato.com.br\/conteudo\/congresso-vai-discutir-sobre-a-integralidade-do-evangelho\" target=\"_blank\">aqui<\/a>. Veja abaixo o cartaz do evento.<\/p>\n<p><a href=\"http:\/\/ultimato.com.br\/sites\/paralelo10\/files\/2013\/10\/congresso_alef_cartaz.jpg\" class=\"lightview\" data-lightview-group=\"group-3239\" data-lightview-options=\"skin: 'dark', controls: 'relative', padding: '10', shadow: { color: '#000000', opacity: 0.08, blur: 3 }\" style=\"color: #ed1e24; text-decoration: none;\"><img loading=\"lazy\" decoding=\"async\" class=\"alignleft size-full wp-image-3240\" alt=\"congresso_alef_cartaz\" src=\"http:\/\/ultimato.com.br\/sites\/paralelo10\/files\/2013\/10\/congresso_alef_cartaz.jpg\" width=\"351\" height=\"496\" srcset=\"https:\/\/ultimato.com.br\/sites\/paralelo10\/files\/2013\/10\/congresso_alef_cartaz.jpg 351w, https:\/\/ultimato.com.br\/sites\/paralelo10\/files\/2013\/10\/congresso_alef_cartaz-212x300.jpg 212w, https:\/\/ultimato.com.br\/sites\/paralelo10\/files\/2013\/10\/congresso_alef_cartaz-106x150.jpg 106w\" sizes=\"auto, (max-width: 351px) 100vw, 351px\" \/><\/a><\/p>\n<p>&nbsp;<\/p>\n<p>&nbsp;<\/p>\n<p>&nbsp;<\/p>\n<p>&nbsp;<\/p>\n<p>&nbsp;<\/p>\n<p>&nbsp;<\/p>\n<p>&nbsp;<\/p>\n<p>&nbsp;<\/p>\n<p>&nbsp;<\/p>\n<p>&nbsp;<\/p>\n<p>&nbsp;<\/p>\n<p>&nbsp;<\/p>\n<p>&nbsp;<\/p>\n<p>&nbsp;<\/p>\n<p>&nbsp;<\/p>\n<p>&nbsp;<\/p>\n<p>&nbsp;<\/p>\n<p>&nbsp;<\/p>\n<p>&nbsp;<\/p>\n<p>&nbsp;<\/p>\n<p><strong>Mais informa\u00e7\u00f5es:<\/strong>\u00a0<a href=\"http:\/\/www.multhiartebrasil.com\/alef\/\">http:\/\/www.multhiartebrasil.com\/alef\/<\/a><\/p>\n<p>&nbsp;<\/p>\n<p>&nbsp;<\/p>\n","protected":false},"excerpt":{"rendered":"<p>Acontece de 16 a 19 de outubro, em Natal (RN), o Congresso ALEF para Pastores e L\u00edderes com o tema \u201cO Evangelho Todo para o Homem Todo para Todas as Comunidades\u201d. Bebendo na fonte do Pacto de Lausanne de 1974, o evento organizado pela Associa\u00e7\u00e3o de L\u00edderes Evang\u00e9licos de Felipe Camar\u00e3o (ALEF), um bairro da [&hellip;]<\/p>\n","protected":false},"author":2,"featured_media":0,"comment_status":"open","ping_status":"open","sticky":false,"template":"","format":"standard","meta":{"ngg_post_thumbnail":0,"footnotes":""},"categories":[1],"tags":[23207,73,19278,26,34],"class_list":["post-3239","post","type-post","status-publish","format-standard","hentry","category-uncategorized","tag-uncategorized","tag-comunidade","tag-evangelho-integral","tag-missao-integral","tag-nordeste"],"_links":{"self":[{"href":"https:\/\/ultimato.com.br\/sites\/paralelo10\/wp-json\/wp\/v2\/posts\/3239","targetHints":{"allow":["GET"]}}],"collection":[{"href":"https:\/\/ultimato.com.br\/sites\/paralelo10\/wp-json\/wp\/v2\/posts"}],"about":[{"href":"https:\/\/ultimato.com.br\/sites\/paralelo10\/wp-json\/wp\/v2\/types\/post"}],"author":[{"embeddable":true,"href":"https:\/\/ultimato.com.br\/sites\/paralelo10\/wp-json\/wp\/v2\/users\/2"}],"replies":[{"embeddable":true,"href":"https:\/\/ultimato.com.br\/sites\/paralelo10\/wp-json\/wp\/v2\/comments?post=3239"}],"version-history":[{"count":2,"href":"https:\/\/ultimato.com.br\/sites\/paralelo10\/wp-json\/wp\/v2\/posts\/3239\/revisions"}],"predecessor-version":[{"id":3242,"href":"https:\/\/ultimato.com.br\/sites\/paralelo10\/wp-json\/wp\/v2\/posts\/3239\/revisions\/3242"}],"wp:attachment":[{"href":"https:\/\/ultimato.com.br\/sites\/paralelo10\/wp-json\/wp\/v2\/media?parent=3239"}],"wp:term":[{"taxonomy":"category","embeddable":true,"href":"https:\/\/ultimato.com.br\/sites\/paralelo10\/wp-json\/wp\/v2\/categories?post=3239"},{"taxonomy":"post_tag","embeddable":true,"href":"https:\/\/ultimato.com.br\/sites\/paralelo10\/wp-json\/wp\/v2\/tags?post=3239"}],"curies":[{"name":"wp","href":"https:\/\/api.w.org\/{rel}","templated":true}]}}