{"id":3072,"date":"2013-07-15T09:17:23","date_gmt":"2013-07-15T12:17:23","guid":{"rendered":"http:\/\/ultimato.com.br\/sites\/paralelo10\/?p=3072"},"modified":"2013-07-15T09:17:23","modified_gmt":"2013-07-15T12:17:23","slug":"vocacao-e-missao-sem-dicotomias","status":"publish","type":"post","link":"https:\/\/ultimato.com.br\/sites\/paralelo10\/2013\/07\/vocacao-e-missao-sem-dicotomias\/","title":{"rendered":"Voca\u00e7\u00e3o e miss\u00e3o: sem dicotomias"},"content":{"rendered":"<p><em>Por H\u00e9ber Negr\u00e3o<\/em><\/p>\n<p><a href=\"http:\/\/ultimato.com.br\/sites\/paralelo10\/files\/2013\/07\/P10_15_07_13_Engrenagens.jpg\" class=\"lightview\" data-lightview-group=\"group-3072\" data-lightview-options=\"skin: 'dark', controls: 'relative', padding: '10', shadow: { color: '#000000', opacity: 0.08, blur: 3 }\"><img loading=\"lazy\" decoding=\"async\" class=\"alignright size-full wp-image-3073\" alt=\"P10_15_07_13_Engrenagens\" src=\"http:\/\/ultimato.com.br\/sites\/paralelo10\/files\/2013\/07\/P10_15_07_13_Engrenagens.jpg\" width=\"384\" height=\"216\" srcset=\"https:\/\/ultimato.com.br\/sites\/paralelo10\/files\/2013\/07\/P10_15_07_13_Engrenagens.jpg 384w, https:\/\/ultimato.com.br\/sites\/paralelo10\/files\/2013\/07\/P10_15_07_13_Engrenagens-300x168.jpg 300w, https:\/\/ultimato.com.br\/sites\/paralelo10\/files\/2013\/07\/P10_15_07_13_Engrenagens-150x84.jpg 150w\" sizes=\"auto, (max-width: 384px) 100vw, 384px\" \/><\/a>Um dos livros mais impactantes que li sobre miss\u00f5es foi <a href=\"http:\/\/ultimato.com.br\/sites\/missao-mundo-moderno\/\" target=\"_blank\">A Miss\u00e3o Crist\u00e3 no Mundo Moderno<\/a>, de John Stott. Este livro apresenta uma vis\u00e3o bem mais ampla de miss\u00f5es do que aquela que estamos acostumados a ouvir em nossas igrejas. \u00c9 sobre isso que quero compartilhar neste artigo: a voca\u00e7\u00e3o do crist\u00e3o e sua miss\u00e3o no mundo.<\/p>\n<p>Inicialmente \u00e9 preciso pensar o conceito de voca\u00e7\u00e3o. Segundo Stott, a voca\u00e7\u00e3o nada mais \u00e9 do que \u201ca vida de trabalho de um crist\u00e3o.\u201d\u00b9\u00a0Essa defini\u00e7\u00e3o abrange todos os filhos de Deus como vocacionados, ao mesmo tempo em que abrange a vida integral de todos os crist\u00e3os, deixando de lado aquela vis\u00e3o de que somente quem trabalha no minist\u00e9rio eclesi\u00e1stico \u00e9 um vocacionado por Deus.<!--more--><\/p>\n<p>Jesus chama todos os seus disc\u00edpulos para uma vida de servi\u00e7o e Ele escolhe qual tipo de servi\u00e7o cada um desenvolver\u00e1. Alguns servir\u00e3o com profiss\u00f5es seculares, outros no minist\u00e9rio. O que n\u00e3o podemos deixar de lembrar \u00e9 que nosso paradigma de servi\u00e7o \u00e9 o pr\u00f3prio Cristo. \u00c9 f\u00e1cil lembrar-se das Grandes Comiss\u00f5es de Mateus 28.19 e Atos 1.8, mas frequentemente esquecemo-nos daquela de Jo\u00e3o 20.21: \u201cAssim como o Pai me enviou, eu tamb\u00e9m vos envio.\u201d O Evangelho de Marcos nos ajuda a entender como o Pai enviou o filho: \u201cPois o pr\u00f3prio Filho do Homem n\u00e3o veio para ser servido, mas para servir e dar a sua vida em resgate por muitos.\u201d (Mc 10.45). Stott diz que esta \u00e9 a forma crucial da Grande Comiss\u00e3o. Se somos enviados ao mundo da mesma maneira que Cristo foi enviado, ent\u00e3o devemos entender nossa fun\u00e7\u00e3o de servos.<\/p>\n<p>Quero chamar a aten\u00e7\u00e3o agora, para as linhas abaixo:<\/p>\n<p>\u201cEm todas essas esferas [de atividade secular], e em muitas outras, \u00e9 poss\u00edvel aos crist\u00e3os interpretar seu trabalho de modo crist\u00e3o, n\u00e3o vendo-o como um mal necess\u00e1rio, nem como um lugar conveniente para evangelizar ou ganhar dinheiro para a evangeliza\u00e7\u00e3o, mas como sua voca\u00e7\u00e3o crist\u00e3, a forma como Cristo os chamou para gastar a vida em seu servi\u00e7o. Al\u00e9m disso, parte do seu chamado \u00e9 procurar manter os padr\u00f5es de Cristo com rela\u00e7\u00e3o \u00e0 justi\u00e7a.\u201d\u00b2<em><br \/>\n<\/em><\/p>\n<p>\u00c9 poss\u00edvel que John Stott tenha se equivocado (ou pelo menos se contradito) quando afirma que o trabalho secular de um crist\u00e3o n\u00e3o \u00e9 um lugar conveniente para a evangeliza\u00e7\u00e3o. Devemos entender que o nosso testemunho no mundo (e, portanto, a evangeliza\u00e7\u00e3o) est\u00e1 exatamente no fato de vivermos os padr\u00f5es de Cristo em rela\u00e7\u00e3o \u00e0 justi\u00e7a e no fato de vivermos uma vida de servi\u00e7o em nossa sociedade.<\/p>\n<p>Ao viver como sacerdotes reais, na\u00e7\u00e3o santa e povo exclusivo de Deus\u00b3\u00a0em meio \u00e0 nossa sociedade deca\u00edda o crist\u00e3o est\u00e1 levantando a bandeira do Reino e mostrando que \u00e9, literalmente, de outro mundo. Viver sua voca\u00e7\u00e3o acad\u00eamica e profissional de maneira digna do Evangelho \u00e9 fazer miss\u00f5es, \u00e9 testemunhar de Cristo onde voc\u00ea estiver. N\u00e3o pode haver dicotomia entre Voca\u00e7\u00e3o e Miss\u00e3o.<\/p>\n<p>\u00c9 importante lembrar que existem pessoas que Deus chamou especificamente para o trabalho pastoral e mission\u00e1rio, e como Paulo fala a Tim\u00f3teo, essa \u00e9 uma excelente obra a ser almejada<sup>4<\/sup>. O que n\u00e3o pode continuar acontecendo \u00e9 que o crist\u00e3o use a desculpa de que n\u00e3o foi vocacionado por Deus para testemunhar e que isso \u00e9 responsabilidade somente de quem tem um minist\u00e9rio eclesi\u00e1stico. Precisamos mudar nossa vis\u00e3o em rela\u00e7\u00e3o a isso.<\/p>\n<p>Uma maneira muito pr\u00e1tica de despertar essa vis\u00e3o entre os jovens das nossas igrejas \u00e9 atrav\u00e9s de eventos que John Stott define como Confer\u00eancias<sup>5<\/sup>. Normalmente vemos confer\u00eancias mission\u00e1rias para despertar a vis\u00e3o mission\u00e1ria das igrejas ou confer\u00eancias para pastores para capacitar l\u00edderes espirituais. O diferencial das Confer\u00eancias Vocacionais \u00e9 que o p\u00fablico-alvo s\u00e3o pessoas que foram vocacionadas por Deus para servi-lo com suas profiss\u00f5es nas cidades em que moram. Ali seriam apresentadas as bases b\u00edblicas da miss\u00e3o com o objetivo de aplicar seus princ\u00edpios para nossa realidade atual e desafiar as pessoas a serem participantes ativos da miss\u00e3o de Deus, usando sua voca\u00e7\u00e3o como instrumento de b\u00ean\u00e7\u00e3o para os povos.<\/p>\n<p>N\u00e3o acho que esta seja uma realidade t\u00e3o distante a ponto de n\u00e3o podermos alcan\u00e7\u00e1-la. Se a Igreja de Cristo entendesse a amplitude do conceito de miss\u00e3o enquanto um servi\u00e7o crist\u00e3o no mundo, sem d\u00favida ela teria um impacto muito maior na sociedade e o reino de Deus estaria ainda em maior expans\u00e3o.<\/p>\n<p>&nbsp;<\/p>\n<p><strong>Notas:<br \/>\n<\/strong>1. STOTT, A Miss\u00e3o Crist\u00e3 no Mundo Moderno, p 36.<br \/>\n2. Stott, p 37.<br \/>\n3. 1 Pe 2.9.<br \/>\n4. 1 Tm 3.1.<br \/>\n5. Stott, p 38.<\/p>\n<p>&nbsp;<\/p>\n<p>______________<br \/>\n<a href=\"https:\/\/twitter.com\/HeberNegrao\" target=\"_blank\">H\u00e9ber Negr\u00e3o<\/a> \u00e9 paraense, tem 30 anos, mestre em Etnomusicologia e casado com Sophia. Ambos s\u00e3o mission\u00e1rios da <a href=\"http:\/\/meib.com.br\/\" target=\"_blank\">Miss\u00e3o Evang\u00e9lica aos \u00cdndios do Brasil <\/a>(MEIB), com sede em Bel\u00e9m, PA.<\/p>\n","protected":false},"excerpt":{"rendered":"<p>Por H\u00e9ber Negr\u00e3o Um dos livros mais impactantes que li sobre miss\u00f5es foi A Miss\u00e3o Crist\u00e3 no Mundo Moderno, de John Stott. Este livro apresenta uma vis\u00e3o bem mais ampla de miss\u00f5es do que aquela que estamos acostumados a ouvir em nossas igrejas. \u00c9 sobre isso que quero compartilhar neste artigo: a voca\u00e7\u00e3o do crist\u00e3o [&hellip;]<\/p>\n","protected":false},"author":2,"featured_media":0,"comment_status":"open","ping_status":"open","sticky":false,"template":"","format":"standard","meta":{"ngg_post_thumbnail":0,"footnotes":""},"categories":[32],"tags":[104,17737,16533],"class_list":["post-3072","post","type-post","status-publish","format-standard","hentry","category-reflexoes","tag-missao","tag-servico","tag-vocacao"],"_links":{"self":[{"href":"https:\/\/ultimato.com.br\/sites\/paralelo10\/wp-json\/wp\/v2\/posts\/3072","targetHints":{"allow":["GET"]}}],"collection":[{"href":"https:\/\/ultimato.com.br\/sites\/paralelo10\/wp-json\/wp\/v2\/posts"}],"about":[{"href":"https:\/\/ultimato.com.br\/sites\/paralelo10\/wp-json\/wp\/v2\/types\/post"}],"author":[{"embeddable":true,"href":"https:\/\/ultimato.com.br\/sites\/paralelo10\/wp-json\/wp\/v2\/users\/2"}],"replies":[{"embeddable":true,"href":"https:\/\/ultimato.com.br\/sites\/paralelo10\/wp-json\/wp\/v2\/comments?post=3072"}],"version-history":[{"count":2,"href":"https:\/\/ultimato.com.br\/sites\/paralelo10\/wp-json\/wp\/v2\/posts\/3072\/revisions"}],"predecessor-version":[{"id":3076,"href":"https:\/\/ultimato.com.br\/sites\/paralelo10\/wp-json\/wp\/v2\/posts\/3072\/revisions\/3076"}],"wp:attachment":[{"href":"https:\/\/ultimato.com.br\/sites\/paralelo10\/wp-json\/wp\/v2\/media?parent=3072"}],"wp:term":[{"taxonomy":"category","embeddable":true,"href":"https:\/\/ultimato.com.br\/sites\/paralelo10\/wp-json\/wp\/v2\/categories?post=3072"},{"taxonomy":"post_tag","embeddable":true,"href":"https:\/\/ultimato.com.br\/sites\/paralelo10\/wp-json\/wp\/v2\/tags?post=3072"}],"curies":[{"name":"wp","href":"https:\/\/api.w.org\/{rel}","templated":true}]}}