{"id":3067,"date":"2013-07-10T07:48:14","date_gmt":"2013-07-10T10:48:14","guid":{"rendered":"http:\/\/ultimato.com.br\/sites\/paralelo10\/?p=3067"},"modified":"2013-07-10T07:58:26","modified_gmt":"2013-07-10T10:58:26","slug":"para-experimentar-o-sertao","status":"publish","type":"post","link":"https:\/\/ultimato.com.br\/sites\/paralelo10\/2013\/07\/para-experimentar-o-sertao\/","title":{"rendered":"Para experimentar o sert\u00e3o"},"content":{"rendered":"<p><em>Por Elsie B. C. Gilbert<\/em><br \/>\n<em>De\u00a0S\u00e3o Mamede, PB<\/em><\/p>\n<div id=\"attachment_3068\" style=\"width: 406px\" class=\"wp-caption alignright\"><a href=\"http:\/\/ultimato.com.br\/sites\/paralelo10\/files\/2013\/07\/P10_10_07_13_Lindon_bemvindos.jpg\" class=\"lightview\" data-lightview-group=\"group-3067\" data-lightview-options=\"skin: 'dark', controls: 'relative', padding: '10', shadow: { color: '#000000', opacity: 0.08, blur: 3 }\"><img loading=\"lazy\" decoding=\"async\" aria-describedby=\"caption-attachment-3068\" class=\" wp-image-3068 \" alt=\"O pastor Lindon Carlos d\u00e1 as boas vindas aos participantes.\" src=\"http:\/\/ultimato.com.br\/sites\/paralelo10\/files\/2013\/07\/P10_10_07_13_Lindon_bemvindos.jpg\" width=\"396\" height=\"264\" srcset=\"https:\/\/ultimato.com.br\/sites\/paralelo10\/files\/2013\/07\/P10_10_07_13_Lindon_bemvindos.jpg 495w, https:\/\/ultimato.com.br\/sites\/paralelo10\/files\/2013\/07\/P10_10_07_13_Lindon_bemvindos-300x200.jpg 300w, https:\/\/ultimato.com.br\/sites\/paralelo10\/files\/2013\/07\/P10_10_07_13_Lindon_bemvindos-150x100.jpg 150w\" sizes=\"auto, (max-width: 396px) 100vw, 396px\" \/><\/a><p id=\"caption-attachment-3068\" class=\"wp-caption-text\">O pastor Lindon Carlos d\u00e1 as boas vindas aos participantes.<\/p><\/div>\n<p>Come\u00e7a hoje, dia 10, o Congresso Miss\u00e3o Integral do Sert\u00e3o Nordestino, em S\u00e3o Mamede, munic\u00edpio que fica a 270 km de Jo\u00e3o Pessoa, na Para\u00edba. Ontem os participantes j\u00e1 come\u00e7aram a chegar e a conhecer as paisagens e as del\u00edcias do sert\u00e3o. O clima n\u00e3o est\u00e1 t\u00e3o quente. J\u00e1 montamos uma equipe de adolescentes para fazer a cobertura jornal\u00edstica do evento. A programa\u00e7\u00e3o desta quarta est\u00e1 concentrada em visitas a projetos de miss\u00e3o integral desenvolvidos pela ACEV (A\u00e7\u00e3o Evang\u00e9lica).<\/p>\n<p>Com o tema \u201cPor um Sert\u00e3o Sustent\u00e1vel\u201d, o evento reunir\u00e1 120 l\u00edderes crist\u00e3os nordestinos, todos envolvidos em suas respectivas igrejas, organiza\u00e7\u00f5es sociais ou movimentos, e dispostos a refletir por alguns dias de forma contextualizada sobre a miss\u00e3o integral a partir da realidade dos sert\u00f5es, desta vez em loco, e n\u00e3o em uma capital num litoral distante.<\/p>\n<p>A ACEV, denomina\u00e7\u00e3o evang\u00e9lica de ascend\u00eancia pentecostal wesleyana e uma protagonista em interven\u00e7\u00f5es sociais na Para\u00edba, sedia o evento. Os parceiros na organiza\u00e7\u00e3o s\u00e3o ABUB (Alian\u00e7a B\u00edblica Universit\u00e1ria do Brasil), Instituto Betel Brasileiro, Diaconia, Rede FALE, JUVEP, Minist\u00e9rio Sal da Terra, Miss\u00e3o Servos, Miss\u00e3o Zero, Rede M\u00e3os Dadas e Tearfund. H\u00e1 mais de seis meses elas trabalham juntas para a realiza\u00e7\u00e3o do congresso. O evento terminar\u00e1 no s\u00e1bado, com a celebra\u00e7\u00e3o dos 75 anos de hist\u00f3ria da ACEV, que mant\u00e9m hoje 86 trabalhos (igrejas, congrega\u00e7\u00f5es ou pontos de prega\u00e7\u00e3o), 10 projetos sociais e conta com 65 pastores, mission\u00e1rios e obreiros. Apenas 5 dos trabalhos estabelecidos pela ACEV est\u00e3o localizados fora do estado da Para\u00edba.<!--more--><\/p>\n<p>Os congressistas visitar\u00e3o o Programa Sert\u00e3o Sustent\u00e1vel da A\u00e7\u00e3o Evang\u00e9lica, participar\u00e3o de uma tarde evangel\u00edstica em S\u00e3o Mamede, se envolver\u00e3o nas discuss\u00f5es propostas por mesas redondas facilitadas por l\u00edderes no Nordeste como Carlos Queiroz, Airton Schroeder, John Medcraft, Paulo Roberto V. C. Ara\u00fajo ao lado de l\u00edderes sertanejos locais. Assuntos a serem abordados incluem sustentabilidade, defesa de direitos, inclus\u00e3o social e suas rela\u00e7\u00f5es com a B\u00edblia.<\/p>\n<p>\u201cO que norteia o conte\u00fado b\u00edblico-teol\u00f3gico e pr\u00e1tico desse congresso s\u00e3o as defini\u00e7\u00f5es e diretrizes baseadas nas v\u00e1rias discuss\u00f5es e movimentos hist\u00f3ricos de miss\u00f5es mundiais repercutidos pela Rede Miqu\u00e9ias, por l\u00edderes como John Stott, Ren\u00e9 Padilla, Robinson Cavalcanti, Samuel Escobar, e por organiza\u00e7\u00f5es no Brasil que assumem a pr\u00e1tica mission\u00e1ria, segundo o documento do Pacto de Lausanne, rediscutido em 2010 com a presen\u00e7a de igrejas crist\u00e3s em suas v\u00e1rias faces de 195 na\u00e7\u00f5es e v\u00e1rias etnias reunidas na \u00c1frica do Sul, e reconfirmado para pr\u00e1tica mission\u00e1ria da igreja de Cristo nos v\u00e1rios contextos do mundo a ser alcan\u00e7ado\u201d, afirma a mission\u00e1ria Gleydice B. Bernardes dos Santos, coordenadora do congresso.<\/p>\n<p>O fato do congresso acontecer no sert\u00e3o da Para\u00edba facilita a participa\u00e7\u00e3o de, pelo menos, metade dos congressistas inscritos, todos l\u00edderes sertanejos. A outra metade viajar\u00e1 uma m\u00e9dia de cinco horas a mais. Os coordenadores do evento consideram este esfor\u00e7o por parte da segunda metade totalmente justific\u00e1vel. Lindon Carlos, pastor da ACEV, um l\u00edder comunit\u00e1rio e atual secret\u00e1rio de educa\u00e7\u00e3o de Imaculada, PB, argumenta:<\/p>\n<p>\u201cO tema em foco aqui \u00e9 miss\u00e3o integral no sert\u00e3o. Sendo assim, n\u00e3o haveria melhor lugar para tratar de um assunto t\u00e3o pertinente no momento. A proposta do congresso n\u00e3o \u00e9 apenas dissecar o tema, mas levar os participantes a experimentar o sert\u00e3o. O sert\u00e3o nordestino concentra os povos menos alcan\u00e7ados do Brasil, milhares de comunidades sertanejas n\u00e3o t\u00eam presen\u00e7a evang\u00e9lica, ou t\u00eam menos de 3% de evang\u00e9licos. O sert\u00e3o hoje enfrenta a maior estiagem das \u00faltimas cinco d\u00e9cadas. O munic\u00edpio de S\u00e3o Mamede (local do congresso) \u00e9 um dos munic\u00edpios da Para\u00edba com menor \u00edndice pluviom\u00e9trico do ano. Aqui concentra-se os maiores desafios socioecon\u00f4micos do pa\u00eds. A miss\u00e3o integral, o evangelho todo para a pessoa toda, deve ser a pr\u00e1tica do crist\u00e3o em qualquer lugar do mundo, e a igreja brasileira precisa voltar seu olhar principalmente para lugares com as caracter\u00edsticas intr\u00ednsecas ao sert\u00e3o. Ent\u00e3o, para conhecer melhor a realidade do povo sertanejo, para refletir \u201cin loco\u201d sobre potencialidades, experi\u00eancias transformadoras de igrejas e institui\u00e7\u00f5es crist\u00e3s que atuam aqui h\u00e1 anos e d\u00e9cadas, nada melhor que a realiza\u00e7\u00e3o de um congresso de miss\u00e3o integral bem aqui na Caatinga.\u201d<\/p>\n<p>&nbsp;<\/p>\n<p>Veja <a href=\"http:\/\/acevbrasil.org.br\/arquivos\/28-03-2013.091535_Roteiro%20congresso.pdf\" target=\"_blank\">aqui<\/a> a programa\u00e7\u00e3o completa do Congresso.<\/p>\n<p>__________<\/p>\n<p><strong>Elsie Gilbert<\/strong> \u00e9 jornalista, editora do blog <a href=\"http:\/\/ultimato.com.br\/sites\/maosdadas\/\" target=\"_blank\">M\u00e3os Dadas<\/a> e da revista <a href=\"http:\/\/ultimato.com.br\/sites\/maosdadas\/revistas\/revista-maos-dadas\/\" target=\"_blank\">M\u00e3os Dadas<\/a>. Casada com o pastor e fot\u00f3grafo <strong>James Gilbert,<\/strong> ambos s\u00e3o correspondentes do Portal Ultimato no Congresso de Miss\u00e3o Integral do Sert\u00e3o Nordestino.<\/p>\n","protected":false},"excerpt":{"rendered":"<p>Por Elsie B. C. Gilbert De\u00a0S\u00e3o Mamede, PB Come\u00e7a hoje, dia 10, o Congresso Miss\u00e3o Integral do Sert\u00e3o Nordestino, em S\u00e3o Mamede, munic\u00edpio que fica a 270 km de Jo\u00e3o Pessoa, na Para\u00edba. Ontem os participantes j\u00e1 come\u00e7aram a chegar e a conhecer as paisagens e as del\u00edcias do sert\u00e3o. O clima n\u00e3o est\u00e1 t\u00e3o [&hellip;]<\/p>\n","protected":false},"author":2,"featured_media":0,"comment_status":"open","ping_status":"open","sticky":false,"template":"","format":"standard","meta":{"ngg_post_thumbnail":0,"footnotes":""},"categories":[7],"tags":[65,11078,26,17735],"class_list":["post-3067","post","type-post","status-publish","format-standard","hentry","category-noticias","tag-acev","tag-boas-praticas","tag-missao-integral","tag-noticias-2"],"_links":{"self":[{"href":"https:\/\/ultimato.com.br\/sites\/paralelo10\/wp-json\/wp\/v2\/posts\/3067","targetHints":{"allow":["GET"]}}],"collection":[{"href":"https:\/\/ultimato.com.br\/sites\/paralelo10\/wp-json\/wp\/v2\/posts"}],"about":[{"href":"https:\/\/ultimato.com.br\/sites\/paralelo10\/wp-json\/wp\/v2\/types\/post"}],"author":[{"embeddable":true,"href":"https:\/\/ultimato.com.br\/sites\/paralelo10\/wp-json\/wp\/v2\/users\/2"}],"replies":[{"embeddable":true,"href":"https:\/\/ultimato.com.br\/sites\/paralelo10\/wp-json\/wp\/v2\/comments?post=3067"}],"version-history":[{"count":3,"href":"https:\/\/ultimato.com.br\/sites\/paralelo10\/wp-json\/wp\/v2\/posts\/3067\/revisions"}],"predecessor-version":[{"id":3071,"href":"https:\/\/ultimato.com.br\/sites\/paralelo10\/wp-json\/wp\/v2\/posts\/3067\/revisions\/3071"}],"wp:attachment":[{"href":"https:\/\/ultimato.com.br\/sites\/paralelo10\/wp-json\/wp\/v2\/media?parent=3067"}],"wp:term":[{"taxonomy":"category","embeddable":true,"href":"https:\/\/ultimato.com.br\/sites\/paralelo10\/wp-json\/wp\/v2\/categories?post=3067"},{"taxonomy":"post_tag","embeddable":true,"href":"https:\/\/ultimato.com.br\/sites\/paralelo10\/wp-json\/wp\/v2\/tags?post=3067"}],"curies":[{"name":"wp","href":"https:\/\/api.w.org\/{rel}","templated":true}]}}