{"id":3063,"date":"2013-07-08T09:18:54","date_gmt":"2013-07-08T12:18:54","guid":{"rendered":"http:\/\/ultimato.com.br\/sites\/paralelo10\/?p=3063"},"modified":"2013-07-08T09:18:54","modified_gmt":"2013-07-08T12:18:54","slug":"projeto-rondon-leva-600-universitarios-ao-para-e-ao-maranhao","status":"publish","type":"post","link":"https:\/\/ultimato.com.br\/sites\/paralelo10\/2013\/07\/projeto-rondon-leva-600-universitarios-ao-para-e-ao-maranhao\/","title":{"rendered":"Projeto Rondon leva 600 universit\u00e1rios ao Par\u00e1 e ao Maranh\u00e3o"},"content":{"rendered":"<div id=\"attachment_3064\" style=\"width: 452px\" class=\"wp-caption alignright\"><a href=\"http:\/\/ultimato.com.br\/sites\/paralelo10\/files\/2013\/07\/P10_08_07_13_Jovem_ensinando.jpg\" class=\"lightview\" data-lightview-group=\"group-3063\" data-lightview-options=\"skin: 'dark', controls: 'relative', padding: '10', shadow: { color: '#000000', opacity: 0.08, blur: 3 }\"><img loading=\"lazy\" decoding=\"async\" aria-describedby=\"caption-attachment-3064\" class=\"size-full wp-image-3064\" alt=\"Curu\u00e7\u00e1 (PA) - Rondonistas d\u00e3o aulas sobre instala\u00e7\u00f5es el\u00e9tricas a moradores da cidade paraense de Curu\u00e7\u00e1. Foto: Wilson Dias\/ABr.\" src=\"http:\/\/ultimato.com.br\/sites\/paralelo10\/files\/2013\/07\/P10_08_07_13_Jovem_ensinando.jpg\" width=\"442\" height=\"294\" srcset=\"https:\/\/ultimato.com.br\/sites\/paralelo10\/files\/2013\/07\/P10_08_07_13_Jovem_ensinando.jpg 442w, https:\/\/ultimato.com.br\/sites\/paralelo10\/files\/2013\/07\/P10_08_07_13_Jovem_ensinando-300x199.jpg 300w, https:\/\/ultimato.com.br\/sites\/paralelo10\/files\/2013\/07\/P10_08_07_13_Jovem_ensinando-150x99.jpg 150w\" sizes=\"auto, (max-width: 442px) 100vw, 442px\" \/><\/a><p id=\"caption-attachment-3064\" class=\"wp-caption-text\">Rondonistas d\u00e3o aulas sobre instala\u00e7\u00f5es el\u00e9tricas a moradores da cidade paraense de Curu\u00e7\u00e1. Foto: Wilson Dias\/ABr.<\/p><\/div>\n<p>Com 30 munic\u00edpios inscritos \u2013 26 do Par\u00e1 e quatro do Maranh\u00e3o \u2013 o Projeto Rondon iniciou neste domingo (7) a Opera\u00e7\u00e3o Forte do Pres\u00e9pio, que mobilizar\u00e1 600 pessoas, entre estudantes e professores universit\u00e1rios, para levar \u00e0s comunidades carentes a\u00e7\u00f5es de educa\u00e7\u00e3o, sa\u00fade, cultura, comunica\u00e7\u00e3o, tecnologia e produ\u00e7\u00e3o, meio ambiente e trabalho, direitos humanos e Justi\u00e7a.<\/p>\n<p>De acordo com os crit\u00e9rios do Projeto Rondon, os munic\u00edpios escolhidos s\u00e3o considerados de baixo \u00cdndice de Desenvolvimento Humano (IDH) e, durante 15 dias, at\u00e9 o pr\u00f3ximo dia 22, receber\u00e3o equipes multidisciplinares de 60 institui\u00e7\u00f5es universit\u00e1rias, formadas por dois professores e oito alunos, de forma a possibilitar a realiza\u00e7\u00e3o das diversas a\u00e7\u00f5es previstas.<!--more--><\/p>\n<p>As 60 equipes v\u00e3o trabalhar divididas em dois grupos para cada munic\u00edpio. As cidades escolhidas fazem parte dos programas Brasil sem Mis\u00e9ria e Territ\u00f3rio da Cidadania. Conforme os objetivos do projeto, funcion\u00e1rios das prefeituras, professores, profissionais de sa\u00fade e educa\u00e7\u00e3o, al\u00e9m de l\u00edderes locais, atuar\u00e3o como agentes multiplicadores dos conhecimentos difundidos pelos rondonistas.<\/p>\n<p>Transporte, seguran\u00e7a, alimenta\u00e7\u00e3o e hospedagem dos participantes est\u00e3o a cargo do Centro de Instru\u00e7\u00e3o Almirante Braz de Aguiar, unidade militar da Marinha, e do 2\u00ba Batalh\u00e3o de Infantaria de Selva, quartel do Ex\u00e9rcito. O projeto \u00e9 realizado em parceria pelo Minist\u00e9rio da Defesa, com institui\u00e7\u00f5es de ensino superior selecionadas por meio de inscri\u00e7\u00e3o aberta na p\u00e1gina do Rondon na internet.<\/p>\n<p>Dois navios da Marinha realizar\u00e3o a\u00e7\u00e3o c\u00edvico-social e de assist\u00eancia hospitalar em comunidades ribeirinhas dos estados do Par\u00e1 e do Amazonas, com a participa\u00e7\u00e3o volunt\u00e1ria de 35 estudantes e professores universit\u00e1rios.<\/p>\n<p>Os 30 munic\u00edpios que recebem a opera\u00e7\u00e3o do Rondon no Par\u00e1, s\u00e3o: Augusto Corr\u00eaa; Aurora do Par\u00e1; Bonito; Capit\u00e3o Po\u00e7o; Colares; Conc\u00f3rdia do Par\u00e1; Garraf\u00e3o do Norte; Igarap\u00e9-A\u00e7u; Ipixuna do Par\u00e1; Irituia; M\u00e3e do Rio; Maracan\u00e3; Marapanim; Nova Timboteua; Our\u00e9m; Santa Maria do Par\u00e1; Santo Ant\u00f4nio do Tau\u00e1; S\u00e3o Caetano de Odivelas; S\u00e3o Domingos do Capim; S\u00e3o Francisco do Par\u00e1; S\u00e3o Jo\u00e3o da Ponta; S\u00e3o Jo\u00e3o de Pirabas; S\u00e3o Miguel do Guam\u00e1; Tom\u00e9-A\u00e7u; Tracuateua e Vigia de Nazar\u00e9.<\/p>\n<p>No Maranh\u00e3o, os rodonistas est\u00e3o presentes nos munic\u00edpios de Centro Novo do Maranh\u00e3o, Governador Nunes Freire, Maraca\u00e7um\u00e9 e Maranh\u00e3ozinho.<\/p>\n<p>__________<br \/>\nCom informa\u00e7\u00f5es da Ag\u00eancia Brasil. Edi\u00e7\u00e3o: N\u00e1dia Franco<\/p>\n<p>&nbsp;<\/p>\n<p>&nbsp;<\/p>\n<p>&nbsp;<\/p>\n","protected":false},"excerpt":{"rendered":"<p>Com 30 munic\u00edpios inscritos \u2013 26 do Par\u00e1 e quatro do Maranh\u00e3o \u2013 o Projeto Rondon iniciou neste domingo (7) a Opera\u00e7\u00e3o Forte do Pres\u00e9pio, que mobilizar\u00e1 600 pessoas, entre estudantes e professores universit\u00e1rios, para levar \u00e0s comunidades carentes a\u00e7\u00f5es de educa\u00e7\u00e3o, sa\u00fade, cultura, comunica\u00e7\u00e3o, tecnologia e produ\u00e7\u00e3o, meio ambiente e trabalho, direitos humanos e [&hellip;]<\/p>\n","protected":false},"author":2,"featured_media":0,"comment_status":"open","ping_status":"open","sticky":false,"template":"","format":"standard","meta":{"ngg_post_thumbnail":0,"footnotes":""},"categories":[7],"tags":[27,34,122,17734],"class_list":["post-3063","post","type-post","status-publish","format-standard","hentry","category-noticias","tag-cidadania","tag-nordeste","tag-norte","tag-projeto-rondon"],"_links":{"self":[{"href":"https:\/\/ultimato.com.br\/sites\/paralelo10\/wp-json\/wp\/v2\/posts\/3063","targetHints":{"allow":["GET"]}}],"collection":[{"href":"https:\/\/ultimato.com.br\/sites\/paralelo10\/wp-json\/wp\/v2\/posts"}],"about":[{"href":"https:\/\/ultimato.com.br\/sites\/paralelo10\/wp-json\/wp\/v2\/types\/post"}],"author":[{"embeddable":true,"href":"https:\/\/ultimato.com.br\/sites\/paralelo10\/wp-json\/wp\/v2\/users\/2"}],"replies":[{"embeddable":true,"href":"https:\/\/ultimato.com.br\/sites\/paralelo10\/wp-json\/wp\/v2\/comments?post=3063"}],"version-history":[{"count":1,"href":"https:\/\/ultimato.com.br\/sites\/paralelo10\/wp-json\/wp\/v2\/posts\/3063\/revisions"}],"predecessor-version":[{"id":3065,"href":"https:\/\/ultimato.com.br\/sites\/paralelo10\/wp-json\/wp\/v2\/posts\/3063\/revisions\/3065"}],"wp:attachment":[{"href":"https:\/\/ultimato.com.br\/sites\/paralelo10\/wp-json\/wp\/v2\/media?parent=3063"}],"wp:term":[{"taxonomy":"category","embeddable":true,"href":"https:\/\/ultimato.com.br\/sites\/paralelo10\/wp-json\/wp\/v2\/categories?post=3063"},{"taxonomy":"post_tag","embeddable":true,"href":"https:\/\/ultimato.com.br\/sites\/paralelo10\/wp-json\/wp\/v2\/tags?post=3063"}],"curies":[{"name":"wp","href":"https:\/\/api.w.org\/{rel}","templated":true}]}}