{"id":3060,"date":"2013-07-05T15:57:45","date_gmt":"2013-07-05T18:57:45","guid":{"rendered":"http:\/\/ultimato.com.br\/sites\/paralelo10\/?p=3060"},"modified":"2013-07-05T15:57:45","modified_gmt":"2013-07-05T18:57:45","slug":"agua-viva-no-festival-folclorico-de-parintins-am","status":"publish","type":"post","link":"https:\/\/ultimato.com.br\/sites\/paralelo10\/2013\/07\/agua-viva-no-festival-folclorico-de-parintins-am\/","title":{"rendered":"\u201c\u00c1gua viva\u201d no Festival Folcl\u00f3rico de Parintins (AM)"},"content":{"rendered":"<div id=\"attachment_3061\" style=\"width: 412px\" class=\"wp-caption alignright\"><a href=\"http:\/\/ultimato.com.br\/sites\/paralelo10\/files\/2013\/07\/P10_05_07_13_Evangelismo_Parintins.jpg\" class=\"lightview\" data-lightview-group=\"group-3060\" data-lightview-options=\"skin: 'dark', controls: 'relative', padding: '10', shadow: { color: '#000000', opacity: 0.08, blur: 3 }\"><img loading=\"lazy\" decoding=\"async\" aria-describedby=\"caption-attachment-3061\" class=\"size-full wp-image-3061\" alt=\"Equipe de volunt\u00e1rios ora com participantes do Festival de Parintins (AM).\" src=\"http:\/\/ultimato.com.br\/sites\/paralelo10\/files\/2013\/07\/P10_05_07_13_Evangelismo_Parintins.jpg\" width=\"402\" height=\"299\" srcset=\"https:\/\/ultimato.com.br\/sites\/paralelo10\/files\/2013\/07\/P10_05_07_13_Evangelismo_Parintins.jpg 402w, https:\/\/ultimato.com.br\/sites\/paralelo10\/files\/2013\/07\/P10_05_07_13_Evangelismo_Parintins-300x223.jpg 300w, https:\/\/ultimato.com.br\/sites\/paralelo10\/files\/2013\/07\/P10_05_07_13_Evangelismo_Parintins-150x111.jpg 150w\" sizes=\"auto, (max-width: 402px) 100vw, 402px\" \/><\/a><p id=\"caption-attachment-3061\" class=\"wp-caption-text\">Equipe de volunt\u00e1rios ora com participantes do Festival de Parintins (AM).<\/p><\/div>\n<p>A Primeira Igreja Batista de Parintins, no interior do Amazonas, realiza desde 1998 a campanha evangel\u00edstica \u201cJesus, \u00c1gua da Vida\u201d. A mobiliza\u00e7\u00e3o acontece sempre no \u00faltimo fim de semana de junho &#8212; paralelo ao Festival Folcl\u00f3rico de Parintins, quando milhares de turistas visitam a cidade para participar do evento.<\/p>\n<p>Uma equipe de setenta e tr\u00eas volunt\u00e1rios, vindos de v\u00e1rias cidades do Brasil como S\u00e3o Paulo, Rio de Janeiro e Manaus, distribuem garrafinhas de \u00e1gua mineral, distribuem folhetos, pulseiras e conversam sobre o Evangelho com os participantes do festival.<\/p>\n<p>O pastor Davi Gal\u00facio, vice-presidente da PIB de Parintins e um dos coordenadores do projeto, conta que muitas pessoas foram abordadas e puderam ouvir o evangelho. Segundo ele, mais de duzentas pessoas participaram da campanha, que totalizou a distribui\u00e7\u00e3o de dez mil garrafas de \u00e1gua mineral, cerca de oitenta mil folhetos e aproximadamente quinze mil pulseiras. Mais de trezentas pessoas assumiram um compromisso pessoal que Cristo.<\/p>\n<p>O pastor J\u00f4natas Lira, respons\u00e1vel pela equipe de S\u00e3o Paulo e que j\u00e1 participou outras vezes do projeto, comemora o avan\u00e7o da igreja e o sucesso do projeto: \u201cNos primeiros anos em que participei, as pessoas mal paravam, \u00e9ramos ignorados. Hoje j\u00e1 se tornou num ponto de encontro, um ponto de ora\u00e7\u00e3o. As pessoas est\u00e3o mais receptivas \u00e0 Palavra\u201d.<!--more--><\/p>\n<p><strong>Testemunhos de volunt\u00e1rios<\/strong><\/p>\n<p>\u201cDeus me fez sair do conforto da minha igreja, para que eu pudesse fazer algo a mais pelo reino. Eu dizia que, fora o dia em eu aceitei a Cristo e o dia em que me batizei, o dia mais feliz da minha vida seria aquele no qual eu faria pra Deus mais do que eu j\u00e1 fiz pelo \u2018boi\u2019, porque no boi eu n\u00e3o media esfor\u00e7os, eu oferecia tudo ao \u2018boi\u2019. Ent\u00e3o, eu queria oferecer mais de mim para Jesus\u201d. (Karla Tain\u00e1 de Souza Oliveira, 26, ex-dan\u00e7arina oficial do boi Caprichoso, ocupou durante tr\u00eas anos o cargo de Rainha do Folclore).<\/p>\n<p>\u201cEstou com o cora\u00e7\u00e3o grato e encorajado a orar sempre por essa cidade, pelas pessoas que tive contato e tamb\u00e9m pelas que eu n\u00e3o tive, para que elas tenham a oportunidade de se aproximar de Jesus\u201d. (Felipe Aranha dos Santos, 22, paulista, coordenador de eventos da ag\u00eancia mission\u00e1ria SEPAL,, participou pela primeira vez da campanha).<\/p>\n<p>\u201cVale a pena a gente pegar sol e machucar os dedos, porque o nosso trabalho est\u00e1 surtindo efeito na vida das pessoas\u201d. (Nat\u00e1lia de Souza, 23, participa do projeto desde 2009).<\/p>\n<p>______<br \/>\nCom informa\u00e7\u00f5es de Phelipe Marques Reis, estudante de jornalismo.<\/p>\n<p>&nbsp;<\/p>\n","protected":false},"excerpt":{"rendered":"<p>A Primeira Igreja Batista de Parintins, no interior do Amazonas, realiza desde 1998 a campanha evangel\u00edstica \u201cJesus, \u00c1gua da Vida\u201d. A mobiliza\u00e7\u00e3o acontece sempre no \u00faltimo fim de semana de junho &#8212; paralelo ao Festival Folcl\u00f3rico de Parintins, quando milhares de turistas visitam a cidade para participar do evento. Uma equipe de setenta e tr\u00eas [&hellip;]<\/p>\n","protected":false},"author":2,"featured_media":0,"comment_status":"open","ping_status":"open","sticky":false,"template":"","format":"standard","meta":{"ngg_post_thumbnail":0,"footnotes":""},"categories":[6],"tags":[176,104,122,17733],"class_list":["post-3060","post","type-post","status-publish","format-standard","hentry","category-bom-tempero","tag-evangelismo","tag-missao","tag-norte","tag-parintins"],"_links":{"self":[{"href":"https:\/\/ultimato.com.br\/sites\/paralelo10\/wp-json\/wp\/v2\/posts\/3060","targetHints":{"allow":["GET"]}}],"collection":[{"href":"https:\/\/ultimato.com.br\/sites\/paralelo10\/wp-json\/wp\/v2\/posts"}],"about":[{"href":"https:\/\/ultimato.com.br\/sites\/paralelo10\/wp-json\/wp\/v2\/types\/post"}],"author":[{"embeddable":true,"href":"https:\/\/ultimato.com.br\/sites\/paralelo10\/wp-json\/wp\/v2\/users\/2"}],"replies":[{"embeddable":true,"href":"https:\/\/ultimato.com.br\/sites\/paralelo10\/wp-json\/wp\/v2\/comments?post=3060"}],"version-history":[{"count":1,"href":"https:\/\/ultimato.com.br\/sites\/paralelo10\/wp-json\/wp\/v2\/posts\/3060\/revisions"}],"predecessor-version":[{"id":3062,"href":"https:\/\/ultimato.com.br\/sites\/paralelo10\/wp-json\/wp\/v2\/posts\/3060\/revisions\/3062"}],"wp:attachment":[{"href":"https:\/\/ultimato.com.br\/sites\/paralelo10\/wp-json\/wp\/v2\/media?parent=3060"}],"wp:term":[{"taxonomy":"category","embeddable":true,"href":"https:\/\/ultimato.com.br\/sites\/paralelo10\/wp-json\/wp\/v2\/categories?post=3060"},{"taxonomy":"post_tag","embeddable":true,"href":"https:\/\/ultimato.com.br\/sites\/paralelo10\/wp-json\/wp\/v2\/tags?post=3060"}],"curies":[{"name":"wp","href":"https:\/\/api.w.org\/{rel}","templated":true}]}}