{"id":3051,"date":"2013-07-01T15:18:44","date_gmt":"2013-07-01T18:18:44","guid":{"rendered":"http:\/\/ultimato.com.br\/sites\/paralelo10\/?p=3051"},"modified":"2013-07-01T15:22:39","modified_gmt":"2013-07-01T18:22:39","slug":"o-sertao-vai-virar-mar","status":"publish","type":"post","link":"https:\/\/ultimato.com.br\/sites\/paralelo10\/2013\/07\/o-sertao-vai-virar-mar\/","title":{"rendered":"O sert\u00e3o vai virar mar"},"content":{"rendered":"<p><a href=\"http:\/\/ultimato.com.br\/sites\/paralelo10\/files\/2013\/07\/P10_01_07_13_acude_passaros_JMedcraft.jpg\" class=\"lightview\" data-lightview-group=\"group-3051\" data-lightview-options=\"skin: 'dark', controls: 'relative', padding: '10', shadow: { color: '#000000', opacity: 0.08, blur: 3 }\"><img loading=\"lazy\" decoding=\"async\" class=\"wp-image-3052 \" alt=\"A\u00e7udes secando em S\u00e3o Mamede, PB. Seis esp\u00e9cies de aves podem ser observadas nesta foto. Cr\u00e9dito: John Medcraft. http:\/\/www.flickr.com\/photos\/johnmedcraft\/\" src=\"http:\/\/ultimato.com.br\/sites\/paralelo10\/files\/2013\/07\/P10_01_07_13_acude_passaros_JMedcraft.jpg\" width=\"576\" height=\"226\" srcset=\"https:\/\/ultimato.com.br\/sites\/paralelo10\/files\/2013\/07\/P10_01_07_13_acude_passaros_JMedcraft.jpg 640w, https:\/\/ultimato.com.br\/sites\/paralelo10\/files\/2013\/07\/P10_01_07_13_acude_passaros_JMedcraft-300x117.jpg 300w, https:\/\/ultimato.com.br\/sites\/paralelo10\/files\/2013\/07\/P10_01_07_13_acude_passaros_JMedcraft-150x58.jpg 150w\" sizes=\"auto, (max-width: 576px) 100vw, 576px\" \/><\/a><\/p>\n<p>O profeta popular olhava para a seca e sonhava com um sert\u00e3o um dia se transformando em mar. De certa forma, \u00e9 o que tamb\u00e9m sonham crist\u00e3os de hoje que arrega\u00e7am as mangas para anunciar a \u201c\u00e1gua viva\u201d de Jesus Cristo &#8212; n\u00e3o s\u00f3 por palavras, mas tamb\u00e9m por demonstra\u00e7\u00f5es concretas do amor e da compaix\u00e3o de Deus em meio ao sofrimento e da escassez do sert\u00e3o nordestino.<\/p>\n<p>Se h\u00e1 raz\u00f5es para ter esperan\u00e7a e boas hist\u00f3rias da a\u00e7\u00e3o de Deus, tamb\u00e9m ainda h\u00e1 muitas perguntas em aberto. Quais as prioridades? Como mobilizar a igreja? O que Deus quer de n\u00f3s e do sert\u00e3o? Enfim, h\u00e1 a necessidade de entender a miss\u00e3o integral de Deus diante de velhos e novos desafios.<\/p>\n<p>E \u00e9 isso que pretende o <strong>1\u00ba Congresso de Miss\u00e3o Integral do Sert\u00e3o Nordestino.\u00a0<\/strong>O evento \u00e9 uma boa oportunidade para reunir a igreja em torno do contexto sertanejo. \u00c9 tamb\u00e9m uma boa chance de ver o encontro da teoria com a pr\u00e1tica &#8212; uni\u00e3o essa que nunca deveria ter sido separada.<\/p>\n<p>Como j\u00e1 anunciamos <a href=\"http:\/\/ultimato.com.br\/sites\/paralelo10\/2013\/05\/a-missao-integral-da-igreja-no-sertao-nordestino\/\" target=\"_blank\">aqui<\/a> no blog, o congresso vai acontecer na pr\u00f3xima semana (de 9 a 13 de julho) e \u00e9 organizado pela A\u00e7\u00e3o Evang\u00e9lica, em comemora\u00e7\u00e3o aos seus 75 anos de exist\u00eancia. Saiba mais sobre o <a href=\"http:\/\/acevbrasil.org.br\/noticia.php?id=69\" target=\"_blank\">evento<\/a>.<\/p>\n<p>&nbsp;<\/p>\n<p>&nbsp;<\/p>\n<p>&nbsp;<\/p>\n","protected":false},"excerpt":{"rendered":"<p>O profeta popular olhava para a seca e sonhava com um sert\u00e3o um dia se transformando em mar. De certa forma, \u00e9 o que tamb\u00e9m sonham crist\u00e3os de hoje que arrega\u00e7am as mangas para anunciar a \u201c\u00e1gua viva\u201d de Jesus Cristo &#8212; n\u00e3o s\u00f3 por palavras, mas tamb\u00e9m por demonstra\u00e7\u00f5es concretas do amor e da [&hellip;]<\/p>\n","protected":false},"author":2,"featured_media":0,"comment_status":"open","ping_status":"open","sticky":false,"template":"","format":"standard","meta":{"ngg_post_thumbnail":0,"footnotes":""},"categories":[1,8],"tags":[26,34,94],"class_list":["post-3051","post","type-post","status-publish","format-standard","hentry","category-uncategorized","category-toro-de-palpites","tag-missao-integral","tag-nordeste","tag-sertao"],"_links":{"self":[{"href":"https:\/\/ultimato.com.br\/sites\/paralelo10\/wp-json\/wp\/v2\/posts\/3051","targetHints":{"allow":["GET"]}}],"collection":[{"href":"https:\/\/ultimato.com.br\/sites\/paralelo10\/wp-json\/wp\/v2\/posts"}],"about":[{"href":"https:\/\/ultimato.com.br\/sites\/paralelo10\/wp-json\/wp\/v2\/types\/post"}],"author":[{"embeddable":true,"href":"https:\/\/ultimato.com.br\/sites\/paralelo10\/wp-json\/wp\/v2\/users\/2"}],"replies":[{"embeddable":true,"href":"https:\/\/ultimato.com.br\/sites\/paralelo10\/wp-json\/wp\/v2\/comments?post=3051"}],"version-history":[{"count":7,"href":"https:\/\/ultimato.com.br\/sites\/paralelo10\/wp-json\/wp\/v2\/posts\/3051\/revisions"}],"predecessor-version":[{"id":3059,"href":"https:\/\/ultimato.com.br\/sites\/paralelo10\/wp-json\/wp\/v2\/posts\/3051\/revisions\/3059"}],"wp:attachment":[{"href":"https:\/\/ultimato.com.br\/sites\/paralelo10\/wp-json\/wp\/v2\/media?parent=3051"}],"wp:term":[{"taxonomy":"category","embeddable":true,"href":"https:\/\/ultimato.com.br\/sites\/paralelo10\/wp-json\/wp\/v2\/categories?post=3051"},{"taxonomy":"post_tag","embeddable":true,"href":"https:\/\/ultimato.com.br\/sites\/paralelo10\/wp-json\/wp\/v2\/tags?post=3051"}],"curies":[{"name":"wp","href":"https:\/\/api.w.org\/{rel}","templated":true}]}}