{"id":3046,"date":"2013-06-28T14:16:13","date_gmt":"2013-06-28T17:16:13","guid":{"rendered":"http:\/\/ultimato.com.br\/sites\/paralelo10\/?p=3046"},"modified":"2013-06-28T14:18:35","modified_gmt":"2013-06-28T17:18:35","slug":"cidades-do-interior-uma-proposta-missionaria","status":"publish","type":"post","link":"https:\/\/ultimato.com.br\/sites\/paralelo10\/2013\/06\/cidades-do-interior-uma-proposta-missionaria\/","title":{"rendered":"Cidades do interior \u2013 uma proposta mission\u00e1ria"},"content":{"rendered":"<p><a href=\"http:\/\/ultimato.com.br\/sites\/paralelo10\/files\/2013\/06\/P10_28_06_13_Livro_Cidades_Interior.jpg\" class=\"lightview\" data-lightview-group=\"group-3046\" data-lightview-options=\"skin: 'dark', controls: 'relative', padding: '10', shadow: { color: '#000000', opacity: 0.08, blur: 3 }\"><img loading=\"lazy\" decoding=\"async\" class=\"alignright size-full wp-image-3047\" alt=\"Livro - Cidades do Interior.cdr\" src=\"http:\/\/ultimato.com.br\/sites\/paralelo10\/files\/2013\/06\/P10_28_06_13_Livro_Cidades_Interior.jpg\" width=\"300\" height=\"423\" srcset=\"https:\/\/ultimato.com.br\/sites\/paralelo10\/files\/2013\/06\/P10_28_06_13_Livro_Cidades_Interior.jpg 300w, https:\/\/ultimato.com.br\/sites\/paralelo10\/files\/2013\/06\/P10_28_06_13_Livro_Cidades_Interior-212x300.jpg 212w, https:\/\/ultimato.com.br\/sites\/paralelo10\/files\/2013\/06\/P10_28_06_13_Livro_Cidades_Interior-106x150.jpg 106w\" sizes=\"auto, (max-width: 300px) 100vw, 300px\" \/><\/a>O Semin\u00e1rio Betel Brasileiro, de Jo\u00e3o Pessoa (PB), vai lan\u00e7ar na pr\u00f3xima segunda-feira, dia 01, \u00e0s 19h, o livro \u201cCidades do interior \u2013 uma proposta mission\u00e1ria\u201d, do pastor, missi\u00f3logo e colunista do blog do Paralelo 10, S\u00e9rgio Lyra. \u00c9 o segundo livro do Betel feito em parceria com a Editora Ultimato. O primeiro foi <a href=\"http:\/\/www.ultimato.com.br\/loja\/produtos\/a-missao-de-interceder\" target=\"_blank\">A Miss\u00e3o de Interceder<\/a>, de Durvalina Bezerra, lan\u00e7ado no in\u00edcio do m\u00eas de junho, na FLIC (Feira Liter\u00e1ria Internacional Crist\u00e3), em S\u00e3o Paulo, SP.<\/p>\n<p>&#8220;Cidades do Interior&#8221; se prop\u00f5e a identificar, analisar e oferecer propostas missiol\u00f3gicas para projetos mission\u00e1rios, considerando as realidades religiosas, relacionais, culturais socioecon\u00f4micas das pequenas cidades do interior.<\/p>\n<p>\u201cPara n\u00e3o produzir uma proposta sem fundamenta\u00e7\u00e3o teol\u00f3gica, busquei associar a base b\u00edblica durante todo o processo de an\u00e1lise e elabora\u00e7\u00e3o de propostas\u201d, diz o autor.<\/p>\n<p>Em breve, falaremos mais deste livro aqui no blog.<\/p>\n<p>&nbsp;<\/p>\n","protected":false},"excerpt":{"rendered":"<p>O Semin\u00e1rio Betel Brasileiro, de Jo\u00e3o Pessoa (PB), vai lan\u00e7ar na pr\u00f3xima segunda-feira, dia 01, \u00e0s 19h, o livro \u201cCidades do interior \u2013 uma proposta mission\u00e1ria\u201d, do pastor, missi\u00f3logo e colunista do blog do Paralelo 10, S\u00e9rgio Lyra. \u00c9 o segundo livro do Betel feito em parceria com a Editora Ultimato. O primeiro foi A [&hellip;]<\/p>\n","protected":false},"author":2,"featured_media":0,"comment_status":"open","ping_status":"open","sticky":false,"template":"","format":"standard","meta":{"ngg_post_thumbnail":0,"footnotes":""},"categories":[1,8],"tags":[29,136,104,34,11097],"class_list":["post-3046","post","type-post","status-publish","format-standard","hentry","category-uncategorized","category-toro-de-palpites","tag-livro","tag-livros","tag-missao","tag-nordeste","tag-sergio-lyra"],"_links":{"self":[{"href":"https:\/\/ultimato.com.br\/sites\/paralelo10\/wp-json\/wp\/v2\/posts\/3046","targetHints":{"allow":["GET"]}}],"collection":[{"href":"https:\/\/ultimato.com.br\/sites\/paralelo10\/wp-json\/wp\/v2\/posts"}],"about":[{"href":"https:\/\/ultimato.com.br\/sites\/paralelo10\/wp-json\/wp\/v2\/types\/post"}],"author":[{"embeddable":true,"href":"https:\/\/ultimato.com.br\/sites\/paralelo10\/wp-json\/wp\/v2\/users\/2"}],"replies":[{"embeddable":true,"href":"https:\/\/ultimato.com.br\/sites\/paralelo10\/wp-json\/wp\/v2\/comments?post=3046"}],"version-history":[{"count":3,"href":"https:\/\/ultimato.com.br\/sites\/paralelo10\/wp-json\/wp\/v2\/posts\/3046\/revisions"}],"predecessor-version":[{"id":3050,"href":"https:\/\/ultimato.com.br\/sites\/paralelo10\/wp-json\/wp\/v2\/posts\/3046\/revisions\/3050"}],"wp:attachment":[{"href":"https:\/\/ultimato.com.br\/sites\/paralelo10\/wp-json\/wp\/v2\/media?parent=3046"}],"wp:term":[{"taxonomy":"category","embeddable":true,"href":"https:\/\/ultimato.com.br\/sites\/paralelo10\/wp-json\/wp\/v2\/categories?post=3046"},{"taxonomy":"post_tag","embeddable":true,"href":"https:\/\/ultimato.com.br\/sites\/paralelo10\/wp-json\/wp\/v2\/tags?post=3046"}],"curies":[{"name":"wp","href":"https:\/\/api.w.org\/{rel}","templated":true}]}}