{"id":3043,"date":"2013-06-26T08:51:02","date_gmt":"2013-06-26T11:51:02","guid":{"rendered":"http:\/\/ultimato.com.br\/sites\/paralelo10\/?p=3043"},"modified":"2013-06-26T08:51:02","modified_gmt":"2013-06-26T11:51:02","slug":"de-parintins-a-vicosa","status":"publish","type":"post","link":"https:\/\/ultimato.com.br\/sites\/paralelo10\/2013\/06\/de-parintins-a-vicosa\/","title":{"rendered":"De Parintins \u00e0 Vi\u00e7osa"},"content":{"rendered":"<div id=\"attachment_3044\" style=\"width: 432px\" class=\"wp-caption aligncenter\"><a href=\"http:\/\/ultimato.com.br\/sites\/paralelo10\/files\/2013\/06\/P10_26_06_13_GizelleGeorge.jpg\" class=\"lightview\" data-lightview-group=\"group-3043\" data-lightview-options=\"skin: 'dark', controls: 'relative', padding: '10', shadow: { color: '#000000', opacity: 0.08, blur: 3 }\"><img loading=\"lazy\" decoding=\"async\" aria-describedby=\"caption-attachment-3044\" class=\"size-full wp-image-3044\" alt=\"George e Gizelle Corr\u00eaa: de Parintins para Vi\u00e7osa.\" src=\"http:\/\/ultimato.com.br\/sites\/paralelo10\/files\/2013\/06\/P10_26_06_13_GizelleGeorge.jpg\" width=\"422\" height=\"317\" srcset=\"https:\/\/ultimato.com.br\/sites\/paralelo10\/files\/2013\/06\/P10_26_06_13_GizelleGeorge.jpg 422w, https:\/\/ultimato.com.br\/sites\/paralelo10\/files\/2013\/06\/P10_26_06_13_GizelleGeorge-300x225.jpg 300w, https:\/\/ultimato.com.br\/sites\/paralelo10\/files\/2013\/06\/P10_26_06_13_GizelleGeorge-150x112.jpg 150w\" sizes=\"auto, (max-width: 422px) 100vw, 422px\" \/><\/a><p id=\"caption-attachment-3044\" class=\"wp-caption-text\">George e Gizelle Corr\u00eaa: de Parintins para Vi\u00e7osa.<\/p><\/div>\n<p>L\u00e1 se v\u00e3o quatro meses desde que deixamos Parintins, no Amazonas, com destino \u00e0 Vi\u00e7osa (MG), com o objetivo de estudar no CEM (Centro Evang\u00e9lico de Miss\u00f5es). A adapta\u00e7\u00e3o, principalmente ao clima e \u00e0s demais caracter\u00edsticas regionais, tem sido boa. No entanto, a saudade do Amazonas perdura.<\/p>\n<p>Temos sido muito edificados com as disciplinas ministradas at\u00e9 o momento, as leituras do Antigo Testamento, os momentos devocionais e temos aprendido como Deus ensinou seu povo Israel a andar em seus caminhos, mesmo que por v\u00e1rias vezes eles n\u00e3o tenham obedecido os mandamentos do Senhor. Temos aprendido principalmente sobre o car\u00e1ter de Deus e o seu amor sendo revelado em cada cap\u00edtulo do Antigo e do Novo Testamento.<\/p>\n<p>Agradecemos a Deus porque Ele n\u00e3o desiste de n\u00f3s, assim como n\u00e3o desistiu do povo de Israel, e tem nos aperfei\u00e7oado conforme a sua vontade que \u00e9 boa, perfeita e agrad\u00e1vel.<!--more--><\/p>\n<p>Para nos ajudar, o Senhor coloca juntos de n\u00f3s servos que podem caminhar conosco, nos ajudando a enxergar o caminho. Somos edificados diariamente por estas pessoas aqui no CEM, e agora participando do Projeto Paralelo 10, que nos ajuda em nossa capacita\u00e7\u00e3o no CEM. Sem d\u00favida, \u00e9 uma grande oportunidade que Editora Ultimato e Tearfund nos deram.<\/p>\n<p>Enquanto Deus estava preparando o seu povo para a conquista da Terra Prometida, muitos morreram no deserto porque n\u00e3o confiaram em Deus; eles deixaram as dificuldades e o medo dominarem. Deus nos mostra o caminho que devemos seguir, e esse caminho \u00e9 o da obedi\u00eancia. Mas quando nos desviamos e andamos por outros caminhos que n\u00e3o o agradam somos repreendidos com amor e com sua justi\u00e7a. Vemos isso por v\u00e1rias vezes na Hist\u00f3ria de Israel: quando o povo se afastava de Deus, encontravam derrotas e decep\u00e7\u00f5es. Mas quando o povo se voltava e clamava ao Senhor, experimentavam sua miseric\u00f3rdia.<\/p>\n<p>Percebemos a provis\u00e3o de Deus em nossa vida. A confian\u00e7a no Senhor n\u00e3o nos deixa confundidos. Sabemos que Ele est\u00e1 nos controle de tudo. Deus cumpre suas promessas, ele \u00e9 fiel.<\/p>\n<p>Nossa ora\u00e7\u00e3o \u00e9 que o Senhor cuide do nosso car\u00e1ter, aperfei\u00e7oe nossos dons e talentos e direcione nossos passos para cumprir a miss\u00e3o que Ele preparou para n\u00f3s. Porque \u201cnele existimos e nele nos movemos\u201d.<\/p>\n<p>____<br \/>\n<strong>Gizelle e George Corr\u00eaa<\/strong> s\u00e3o casados h\u00e1 1 ano e 7 meses. Vieram de Parintins, AM, para estudar no CEM no in\u00edcio deste ano. Eles fazem parte do Paralelo 10. Gizelle \u00e9 estagi\u00e1ria do projeto.<\/p>\n<p>&nbsp;<\/p>\n<p>&nbsp;<\/p>\n","protected":false},"excerpt":{"rendered":"<p>L\u00e1 se v\u00e3o quatro meses desde que deixamos Parintins, no Amazonas, com destino \u00e0 Vi\u00e7osa (MG), com o objetivo de estudar no CEM (Centro Evang\u00e9lico de Miss\u00f5es). A adapta\u00e7\u00e3o, principalmente ao clima e \u00e0s demais caracter\u00edsticas regionais, tem sido boa. No entanto, a saudade do Amazonas perdura. Temos sido muito edificados com as disciplinas ministradas [&hellip;]<\/p>\n","protected":false},"author":2,"featured_media":0,"comment_status":"open","ping_status":"open","sticky":false,"template":"","format":"standard","meta":{"ngg_post_thumbnail":0,"footnotes":""},"categories":[95],"tags":[122,107,11089],"class_list":["post-3043","post","type-post","status-publish","format-standard","hentry","category-testemunhos","tag-norte","tag-testemunho","tag-testemunhos-2"],"_links":{"self":[{"href":"https:\/\/ultimato.com.br\/sites\/paralelo10\/wp-json\/wp\/v2\/posts\/3043","targetHints":{"allow":["GET"]}}],"collection":[{"href":"https:\/\/ultimato.com.br\/sites\/paralelo10\/wp-json\/wp\/v2\/posts"}],"about":[{"href":"https:\/\/ultimato.com.br\/sites\/paralelo10\/wp-json\/wp\/v2\/types\/post"}],"author":[{"embeddable":true,"href":"https:\/\/ultimato.com.br\/sites\/paralelo10\/wp-json\/wp\/v2\/users\/2"}],"replies":[{"embeddable":true,"href":"https:\/\/ultimato.com.br\/sites\/paralelo10\/wp-json\/wp\/v2\/comments?post=3043"}],"version-history":[{"count":1,"href":"https:\/\/ultimato.com.br\/sites\/paralelo10\/wp-json\/wp\/v2\/posts\/3043\/revisions"}],"predecessor-version":[{"id":3045,"href":"https:\/\/ultimato.com.br\/sites\/paralelo10\/wp-json\/wp\/v2\/posts\/3043\/revisions\/3045"}],"wp:attachment":[{"href":"https:\/\/ultimato.com.br\/sites\/paralelo10\/wp-json\/wp\/v2\/media?parent=3043"}],"wp:term":[{"taxonomy":"category","embeddable":true,"href":"https:\/\/ultimato.com.br\/sites\/paralelo10\/wp-json\/wp\/v2\/categories?post=3043"},{"taxonomy":"post_tag","embeddable":true,"href":"https:\/\/ultimato.com.br\/sites\/paralelo10\/wp-json\/wp\/v2\/tags?post=3043"}],"curies":[{"name":"wp","href":"https:\/\/api.w.org\/{rel}","templated":true}]}}