{"id":2744,"date":"2013-01-09T09:07:48","date_gmt":"2013-01-09T12:07:48","guid":{"rendered":"http:\/\/ultimato.com.br\/sites\/paralelo10\/?p=2744"},"modified":"2013-01-11T08:00:36","modified_gmt":"2013-01-11T11:00:36","slug":"grata-memoria","status":"publish","type":"post","link":"https:\/\/ultimato.com.br\/sites\/paralelo10\/2013\/01\/grata-memoria\/","title":{"rendered":"Grata mem\u00f3ria"},"content":{"rendered":"<p><a href=\"http:\/\/ultimato.com.br\/sites\/paralelo10\/files\/2013\/01\/Prat_03_01_12_grata_memoria.jpg\" class=\"lightview\" data-lightview-group=\"group-2744\" data-lightview-options=\"skin: 'dark', controls: 'relative', padding: '10', shadow: { color: '#000000', opacity: 0.08, blur: 3 }\" data-lightview-title=\"Prat_03_01_12_grata_memoria\"><img loading=\"lazy\" decoding=\"async\" class=\"alignleft size-full wp-image-2745\" title=\"Prat_03_01_12_grata_memoria\" src=\"http:\/\/ultimato.com.br\/sites\/paralelo10\/files\/2013\/01\/Prat_03_01_12_grata_memoria.jpg\" alt=\"\" width=\"340\" height=\"250\" srcset=\"https:\/\/ultimato.com.br\/sites\/paralelo10\/files\/2013\/01\/Prat_03_01_12_grata_memoria.jpg 340w, https:\/\/ultimato.com.br\/sites\/paralelo10\/files\/2013\/01\/Prat_03_01_12_grata_memoria-300x220.jpg 300w, https:\/\/ultimato.com.br\/sites\/paralelo10\/files\/2013\/01\/Prat_03_01_12_grata_memoria-150x110.jpg 150w\" sizes=\"auto, (max-width: 340px) 100vw, 340px\" \/><\/a>Ano novo, anivers\u00e1rio da Editora Ultimato. No dia 13 celebramos 45 anos da primeira edi\u00e7\u00e3o do ent\u00e3o jornal Ultimato (isso mesmo, era um jornal). O t\u00edtulo da mat\u00e9ria de capa era muito adequado: \u201cEnsina-nos a contar os nossos dias&#8230;\u201d. J\u00e1 s\u00e3o 340 edi\u00e7\u00f5es em 45 anos de publica\u00e7\u00e3o ininterrupta. Todas as edi\u00e7\u00f5es, desde 1999, podem ser lidas gratuitamente em nosso portal.<!--more--><\/p>\n<p>2013 tamb\u00e9m \u00e9 o ano de outras datas marcantes para n\u00f3s: 20 anos publicando livros, 15 anos na web e 5 anos trabalhando com as juventudes e com l\u00edderes do Norte e Nordeste.<\/p>\n<p>Comemoramos juntos, com grata mem\u00f3ria e descontos especiais em nossos produtos. S\u00f3 em janeiro, a assinatura anual da revista custa 45 reais, enquanto que as cole\u00e7\u00f5es encadernadas podem ser compradas com at\u00e9 70% de desconto. Al\u00e9m disso, toda semana do m\u00eas (sempre \u00e0s quintas-feiras) oferecemos descontos de 25% em livros do nosso cat\u00e1logo. Veja no <a href=\"http:\/\/ultimato.com.br\" target=\"_blank\">portal<\/a> da Ultimato os livros mais baratos desta semana.<\/p>\n<p>Se \u201censina-nos a contar os nossos dias\u201d foi a ora\u00e7\u00e3o em 1968, que os dias contados com dilig\u00eancia e f\u00e9 em Deus sejam hoje um memorial de gratid\u00e3o ao Senhor.<\/p>\n<p>&nbsp;<\/p>\n<p>____________<br \/>\nAtualizado em 11\/01\/2013.<\/p>\n","protected":false},"excerpt":{"rendered":"<p>Ano novo, anivers\u00e1rio da Editora Ultimato. No dia 13 celebramos 45 anos da primeira edi\u00e7\u00e3o do ent\u00e3o jornal Ultimato (isso mesmo, era um jornal). O t\u00edtulo da mat\u00e9ria de capa era muito adequado: \u201cEnsina-nos a contar os nossos dias&#8230;\u201d. J\u00e1 s\u00e3o 340 edi\u00e7\u00f5es em 45 anos de publica\u00e7\u00e3o ininterrupta. Todas as edi\u00e7\u00f5es, desde 1999, podem [&hellip;]<\/p>\n","protected":false},"author":2,"featured_media":0,"comment_status":"open","ping_status":"open","sticky":false,"template":"","format":"standard","meta":{"ngg_post_thumbnail":0,"footnotes":""},"categories":[7],"tags":[154],"class_list":["post-2744","post","type-post","status-publish","format-standard","hentry","category-noticias","tag-ultimato"],"_links":{"self":[{"href":"https:\/\/ultimato.com.br\/sites\/paralelo10\/wp-json\/wp\/v2\/posts\/2744","targetHints":{"allow":["GET"]}}],"collection":[{"href":"https:\/\/ultimato.com.br\/sites\/paralelo10\/wp-json\/wp\/v2\/posts"}],"about":[{"href":"https:\/\/ultimato.com.br\/sites\/paralelo10\/wp-json\/wp\/v2\/types\/post"}],"author":[{"embeddable":true,"href":"https:\/\/ultimato.com.br\/sites\/paralelo10\/wp-json\/wp\/v2\/users\/2"}],"replies":[{"embeddable":true,"href":"https:\/\/ultimato.com.br\/sites\/paralelo10\/wp-json\/wp\/v2\/comments?post=2744"}],"version-history":[{"count":4,"href":"https:\/\/ultimato.com.br\/sites\/paralelo10\/wp-json\/wp\/v2\/posts\/2744\/revisions"}],"predecessor-version":[{"id":2750,"href":"https:\/\/ultimato.com.br\/sites\/paralelo10\/wp-json\/wp\/v2\/posts\/2744\/revisions\/2750"}],"wp:attachment":[{"href":"https:\/\/ultimato.com.br\/sites\/paralelo10\/wp-json\/wp\/v2\/media?parent=2744"}],"wp:term":[{"taxonomy":"category","embeddable":true,"href":"https:\/\/ultimato.com.br\/sites\/paralelo10\/wp-json\/wp\/v2\/categories?post=2744"},{"taxonomy":"post_tag","embeddable":true,"href":"https:\/\/ultimato.com.br\/sites\/paralelo10\/wp-json\/wp\/v2\/tags?post=2744"}],"curies":[{"name":"wp","href":"https:\/\/api.w.org\/{rel}","templated":true}]}}