{"id":2554,"date":"2012-09-10T14:05:30","date_gmt":"2012-09-10T17:05:30","guid":{"rendered":"http:\/\/ultimato.com.br\/sites\/paralelo10\/?p=2554"},"modified":"2012-09-12T09:36:16","modified_gmt":"2012-09-12T12:36:16","slug":"de-malas-prontas","status":"publish","type":"post","link":"https:\/\/ultimato.com.br\/sites\/paralelo10\/2012\/09\/de-malas-prontas\/","title":{"rendered":"De malas prontas"},"content":{"rendered":"<div id=\"attachment_2555\" style=\"width: 471px\" class=\"wp-caption aligncenter\"><a href=\"http:\/\/ultimato.com.br\/sites\/paralelo10\/files\/2012\/09\/Manaus.jpg\" class=\"lightview\" data-lightview-group=\"group-2554\" data-lightview-options=\"skin: 'dark', controls: 'relative', padding: '10', shadow: { color: '#000000', opacity: 0.08, blur: 3 }\" data-lightview-title=\"Manaus\"><img loading=\"lazy\" decoding=\"async\" aria-describedby=\"caption-attachment-2555\" class=\" wp-image-2555  \" title=\"Manaus\" src=\"http:\/\/ultimato.com.br\/sites\/paralelo10\/files\/2012\/09\/Manaus.jpg\" alt=\"\" width=\"461\" height=\"346\" srcset=\"https:\/\/ultimato.com.br\/sites\/paralelo10\/files\/2012\/09\/Manaus.jpg 640w, https:\/\/ultimato.com.br\/sites\/paralelo10\/files\/2012\/09\/Manaus-300x225.jpg 300w, https:\/\/ultimato.com.br\/sites\/paralelo10\/files\/2012\/09\/Manaus-150x112.jpg 150w\" sizes=\"auto, (max-width: 461px) 100vw, 461px\" \/><\/a><p id=\"caption-attachment-2555\" class=\"wp-caption-text\">Foto: Werner Zotz<\/p><\/div>\n<p>Trabalhar com o Paralelo 10 tem me proporcionado ricas experi\u00eancias. Uma delas \u00e9 a oportunidade de conhecer v\u00e1rios lugares. Por causa do projeto visitei\u00a0<a href=\"http:\/\/ultimato.com.br\/sites\/paralelo10\/2009\/10\/fique-por-dentronovidades-do-paralelo-10\/\" target=\"_blank\">Rio de Janeiro<\/a>, <a href=\"http:\/\/ultimato.com.br\/sites\/paralelo10\/2010\/08\/noticias-do-v-encontro-renas\/\" target=\"_blank\">Recife<\/a>\u00a0e <a href=\"http:\/\/ultimato.com.br\/sites\/paralelo10\/2011\/09\/renas\/\" target=\"_blank\">Luzi\u00e2nia<\/a>\u00a0para participar do Encontro Renas. O Paralelo 10 contribuiu para a participa\u00e7\u00e3o de, pelo menos, dois integrantes do projeto em cada um desses encontros (no Rio de Janeiro foram seis).<\/p>\n<p>Desta vez nosso destino \u00e9 Manaus (AM). Dos dias 13 a 15 estaremos nesta (literalmente) &#8220;calorosa&#8221; cidade, reencontrando amigos, participantes do projeto e, certamente, conhecendo gente nova.<\/p>\n<p>As malas est\u00e3o quase prontas. Al\u00e9m dos livros e do tradicional doce de leite Vi\u00e7osa, estamos levando muita expectativa, especialmente, para as visitas a comunidades ribeirinhas, que fazem parte da programa\u00e7\u00e3o do Encontro Renas. Al\u00e9m disso, teremos a alegria de visitar nossos representantes locais, Elton e Zeni, e agora a rec\u00e9m-nascida filha do casal, nossa mascote manauara, Graciela.<\/p>\n<p>Enviaremos not\u00edcias e informa\u00e7\u00f5es sobre o encontro. <a href=\"http:\/\/ultimato.com.br\/boletim\/2012\/apoia\/renas\/encontro_renas.htm\" target=\"_blank\">Pra quem \u00e9 de Manaus<\/a>, ainda d\u00e1 tempo de participar.<\/p>\n<p>Manaus, a\u00ed vamos n\u00f3s!<\/p>\n<p><em>Ivny Monteiro<\/em><\/p>\n","protected":false},"excerpt":{"rendered":"<p>Trabalhar com o Paralelo 10 tem me proporcionado ricas experi\u00eancias. Uma delas \u00e9 a oportunidade de conhecer v\u00e1rios lugares. Por causa do projeto visitei\u00a0Rio de Janeiro, Recife\u00a0e Luzi\u00e2nia\u00a0para participar do Encontro Renas. O Paralelo 10 contribuiu para a participa\u00e7\u00e3o de, pelo menos, dois integrantes do projeto em cada um desses encontros (no Rio de Janeiro [&hellip;]<\/p>\n","protected":false},"author":2,"featured_media":0,"comment_status":"open","ping_status":"open","sticky":false,"template":"","format":"standard","meta":{"ngg_post_thumbnail":0,"footnotes":""},"categories":[1],"tags":[],"class_list":["post-2554","post","type-post","status-publish","format-standard","hentry","category-uncategorized"],"_links":{"self":[{"href":"https:\/\/ultimato.com.br\/sites\/paralelo10\/wp-json\/wp\/v2\/posts\/2554","targetHints":{"allow":["GET"]}}],"collection":[{"href":"https:\/\/ultimato.com.br\/sites\/paralelo10\/wp-json\/wp\/v2\/posts"}],"about":[{"href":"https:\/\/ultimato.com.br\/sites\/paralelo10\/wp-json\/wp\/v2\/types\/post"}],"author":[{"embeddable":true,"href":"https:\/\/ultimato.com.br\/sites\/paralelo10\/wp-json\/wp\/v2\/users\/2"}],"replies":[{"embeddable":true,"href":"https:\/\/ultimato.com.br\/sites\/paralelo10\/wp-json\/wp\/v2\/comments?post=2554"}],"version-history":[{"count":3,"href":"https:\/\/ultimato.com.br\/sites\/paralelo10\/wp-json\/wp\/v2\/posts\/2554\/revisions"}],"predecessor-version":[{"id":2557,"href":"https:\/\/ultimato.com.br\/sites\/paralelo10\/wp-json\/wp\/v2\/posts\/2554\/revisions\/2557"}],"wp:attachment":[{"href":"https:\/\/ultimato.com.br\/sites\/paralelo10\/wp-json\/wp\/v2\/media?parent=2554"}],"wp:term":[{"taxonomy":"category","embeddable":true,"href":"https:\/\/ultimato.com.br\/sites\/paralelo10\/wp-json\/wp\/v2\/categories?post=2554"},{"taxonomy":"post_tag","embeddable":true,"href":"https:\/\/ultimato.com.br\/sites\/paralelo10\/wp-json\/wp\/v2\/tags?post=2554"}],"curies":[{"name":"wp","href":"https:\/\/api.w.org\/{rel}","templated":true}]}}