{"id":2508,"date":"2012-08-20T11:00:43","date_gmt":"2012-08-20T14:00:43","guid":{"rendered":"http:\/\/ultimato.com.br\/sites\/paralelo10\/?p=2508"},"modified":"2012-08-20T11:00:43","modified_gmt":"2012-08-20T14:00:43","slug":"producao-de-graos-no-semiarido-nordestino-diminui-80-por-causa-da-seca","status":"publish","type":"post","link":"https:\/\/ultimato.com.br\/sites\/paralelo10\/2012\/08\/producao-de-graos-no-semiarido-nordestino-diminui-80-por-causa-da-seca\/","title":{"rendered":"Produ\u00e7\u00e3o de gr\u00e3os no Semi\u00e1rido nordestino diminui 80% por causa da seca"},"content":{"rendered":"<p>A seca hist\u00f3rica que afeta o Semi\u00e1rido nordestino provocou impactos diretos na produ\u00e7\u00e3o agr\u00edcola da regi\u00e3o. De acordo com dados da Companhia Nacional de Abastecimento (Conab), a quebra na produ\u00e7\u00e3o de gr\u00e3os no Semi\u00e1rido foi superior a 80%. Considerando toda a Regi\u00e3o Nordeste, os preju\u00edzos ficaram em torno de 22%, mas que foram amenizados pelos bons resultados das culturas de soja.<\/p>\n<p>Com os impactos clim\u00e1ticos, a participa\u00e7\u00e3o do Nordeste na produ\u00e7\u00e3o nacional de gr\u00e3os caiu, registrando 7,5%. \u201cSeria bom que n\u00e3o tivesse perda no Nordeste. Em safras normais, como a do ano passado, a participa\u00e7\u00e3o da regi\u00e3o foi em torno de 10%\u201d, disse Eledon Oliveira, t\u00e9cnico de avalia\u00e7\u00e3o de safra da Conab.<\/p>\n<p>Segundo ele, a produ\u00e7\u00e3o nacional s\u00f3 alcan\u00e7ou os patamares recentemente divulgados pelo governo com o recorde do milho safrinha \u2013 plantado entre janeiro e mar\u00e7o &#8211; que compensou as perdas, com aumento de 22,9% da \u00e1rea e de 71,7% da produ\u00e7\u00e3o, ganho de 16 milh\u00f5es de toneladas em rela\u00e7\u00e3o ao resultado anterior.<\/p>\n<p>\u201cA situa\u00e7\u00e3o no Nordeste ainda preocupa porque est\u00e3o sem produto e sem \u00e1gua. Estive no Cear\u00e1 em maio e a situa\u00e7\u00e3o \u00e9 terr\u00edvel. Os rios secaram, os rebanhos morrem de sede e fome e os pre\u00e7os est\u00e3o altos com a falta de produtos\u201d, declarou.<!--more--><\/p>\n<p>Apenas no Rio Grande do Norte, apesar da produ\u00e7\u00e3o de feij\u00e3o ser pequena, a quebra foi 89,6%, passando dos 33,7 mil toneladas para 3,5 mil toneladas nesta safra. Os produtores da Para\u00edba tamb\u00e9m perderam 89% do feij\u00e3o e sentiram a diminui\u00e7\u00e3o da produ\u00e7\u00e3o que, na \u00faltima safra, chegou a 44,7 mil toneladas, e, nesta foi 4,9 mil toneladas. No Cear\u00e1, a queda do feij\u00e3o chegou a 87,3% &#8211; de 259,6 mil toneladas para 32,9 mil toneladas<\/p>\n<p>A quebra da produ\u00e7\u00e3o de milho no Nordeste foi 30%. Enquanto no ano passado, os produtores nordestinos contabilizaram uma produ\u00e7\u00e3o de 6,1 milh\u00f5es de toneladas, nesta safra, o volume atingiu 4,3 milh\u00f5es de toneladas. No Rio Grande do Norte, Cear\u00e1 e na Para\u00edba a queda na produ\u00e7\u00e3o foi superior a 91%.<\/p>\n<p>Al\u00e9m dos impactos sobre o solo e a produ\u00e7\u00e3o, as temperaturas elevadas e a baixa umidade contribu\u00edram para o registro de quase 50 mil focos de inc\u00eandio, ou seja, 65% mais ocorr\u00eancias do que as acumuladas neste per\u00edodo, no ano passado. Apenas nos \u00faltimos quatro dias, foram registrados mais de 5 mil focos de inc\u00eandio no territ\u00f3rio nacional.<\/p>\n<p>As imagens captadas pelo sat\u00e9lite usado pelo Instituto Nacional de Pesquisas Espaciais (Inpe) mostram que o Maranh\u00e3o concentra o maior volume de queimadas, com 9,6 mil mil ocorr\u00eancias. Em menos de uma semana, os registros de inc\u00eandio quase dobraram em Mato Grosso e no Par\u00e1, onde foram identificados mais de 2,2 mil casos s\u00f3 no m\u00eas de agosto.<\/p>\n<p>De\u00a0Carolina Gon\u00e7alves<br \/>\nRep\u00f3rter da Ag\u00eancia Brasil<\/p>\n<p>Veja a publica\u00e7\u00e3o original da mat\u00e9ria <a href=\"http:\/\/agenciabrasil.ebc.com.br\/noticia\/2012-08-19\/producao-de-graos-no-semiarido-nordestino-diminui-80-por-causa-da-seca\" target=\"_blank\">aqui<\/a>.<\/p>\n","protected":false},"excerpt":{"rendered":"<p>A seca hist\u00f3rica que afeta o Semi\u00e1rido nordestino provocou impactos diretos na produ\u00e7\u00e3o agr\u00edcola da regi\u00e3o. De acordo com dados da Companhia Nacional de Abastecimento (Conab), a quebra na produ\u00e7\u00e3o de gr\u00e3os no Semi\u00e1rido foi superior a 80%. Considerando toda a Regi\u00e3o Nordeste, os preju\u00edzos ficaram em torno de 22%, mas que foram amenizados pelos [&hellip;]<\/p>\n","protected":false},"author":2,"featured_media":0,"comment_status":"open","ping_status":"open","sticky":false,"template":"","format":"standard","meta":{"ngg_post_thumbnail":0,"footnotes":""},"categories":[7],"tags":[],"class_list":["post-2508","post","type-post","status-publish","format-standard","hentry","category-noticias"],"_links":{"self":[{"href":"https:\/\/ultimato.com.br\/sites\/paralelo10\/wp-json\/wp\/v2\/posts\/2508","targetHints":{"allow":["GET"]}}],"collection":[{"href":"https:\/\/ultimato.com.br\/sites\/paralelo10\/wp-json\/wp\/v2\/posts"}],"about":[{"href":"https:\/\/ultimato.com.br\/sites\/paralelo10\/wp-json\/wp\/v2\/types\/post"}],"author":[{"embeddable":true,"href":"https:\/\/ultimato.com.br\/sites\/paralelo10\/wp-json\/wp\/v2\/users\/2"}],"replies":[{"embeddable":true,"href":"https:\/\/ultimato.com.br\/sites\/paralelo10\/wp-json\/wp\/v2\/comments?post=2508"}],"version-history":[{"count":1,"href":"https:\/\/ultimato.com.br\/sites\/paralelo10\/wp-json\/wp\/v2\/posts\/2508\/revisions"}],"predecessor-version":[{"id":2509,"href":"https:\/\/ultimato.com.br\/sites\/paralelo10\/wp-json\/wp\/v2\/posts\/2508\/revisions\/2509"}],"wp:attachment":[{"href":"https:\/\/ultimato.com.br\/sites\/paralelo10\/wp-json\/wp\/v2\/media?parent=2508"}],"wp:term":[{"taxonomy":"category","embeddable":true,"href":"https:\/\/ultimato.com.br\/sites\/paralelo10\/wp-json\/wp\/v2\/categories?post=2508"},{"taxonomy":"post_tag","embeddable":true,"href":"https:\/\/ultimato.com.br\/sites\/paralelo10\/wp-json\/wp\/v2\/tags?post=2508"}],"curies":[{"name":"wp","href":"https:\/\/api.w.org\/{rel}","templated":true}]}}