{"id":2465,"date":"2012-07-27T10:00:10","date_gmt":"2012-07-27T13:00:10","guid":{"rendered":"http:\/\/ultimato.com.br\/sites\/paralelo10\/?p=2465"},"modified":"2012-07-26T14:26:41","modified_gmt":"2012-07-26T17:26:41","slug":"alegria-de-plantao-no-acao-educar","status":"publish","type":"post","link":"https:\/\/ultimato.com.br\/sites\/paralelo10\/2012\/07\/alegria-de-plantao-no-acao-educar\/","title":{"rendered":"Alegria de Plant\u00e3o no A\u00e7\u00e3o Educar"},"content":{"rendered":"<p>O programa &#8220;Diversidade&#8221; da\u00a0TV Itarar\u00e9 acompanhou a visita do projeto Alegria de Plant\u00e3o no A\u00e7\u00e3o Educar de Campina Grande, PB. O <a href=\"http:\/\/www.acevsocial.org.br\/acao-educar\/\" target=\"_blank\">A\u00e7\u00e3o Educar<\/a> \u00e9 um dos projetos desenvolvidos pela <a href=\"http:\/\/www.acevsocial.org.br\/\" target=\"_blank\">ACEV Social<\/a>, Ong da <a href=\"http:\/\/www.acaoevangelica.com.br\/\" target=\"_blank\">Igreja A\u00e7\u00e3o Evang\u00e9lica<\/a>.<\/p>\n<p>Assista o v\u00eddeo:<\/p>\n<p>&nbsp;<img src=\"https:\/\/ultimato.com.br\/sites\/paralelo10\/wp-content\/plugins\/lightview-plus\/img\/novideo.png\" width=\"300\" height=\"168\" alt=\"Video not available\" \/><br \/><div style=\"background-color:#FFC0CB; border:1px solid silver; color:#110000; margin:0 0 1.5em; overflow:auto; padding: 3px;\">\n\t\t\t\t\t\t\t\t<strong>Provider:<\/strong>  <br \/>\n\t\t\t\t\t\t\t\t<strong>Title:<\/strong>  <br \/>\n\t\t\t\t\t\t\t\t<strong>Thumbnail URL:<\/strong>  <br \/>\n\t\t\t\t\t\t\t\t<strong>Embed URL:<\/strong>  <br \/>\n\t\t\t\t\t\t\t\t<strong>Link:<\/strong>  <br \/>\n\t\t\t\t\t\t\t\t<strong>Width:<\/strong>  px<br \/>\n\t\t\t\t\t\t\t\t<strong>Height:<\/strong>  px<br \/>\n\t\t\t\t\t\t\t\t<strong>Got data @:<\/strong> 25.4.2026 03:35:17<br \/>\n\t\t\t\t\t\t\t<\/div><\/p>\n","protected":false},"excerpt":{"rendered":"<p>O programa &#8220;Diversidade&#8221; da\u00a0TV Itarar\u00e9 acompanhou a visita do projeto Alegria de Plant\u00e3o no A\u00e7\u00e3o Educar de Campina Grande, PB. O A\u00e7\u00e3o Educar \u00e9 um dos projetos desenvolvidos pela ACEV Social, Ong da Igreja A\u00e7\u00e3o Evang\u00e9lica. Assista o v\u00eddeo: &nbsp; Provider: Title: Thumbnail URL: Embed URL: Link: Width: px Height: px Got data @: 25.4.2026 [&hellip;]<\/p>\n","protected":false},"author":2,"featured_media":0,"comment_status":"open","ping_status":"open","sticky":false,"template":"","format":"standard","meta":{"ngg_post_thumbnail":0,"footnotes":""},"categories":[6,7],"tags":[],"class_list":["post-2465","post","type-post","status-publish","format-standard","hentry","category-bom-tempero","category-noticias"],"_links":{"self":[{"href":"https:\/\/ultimato.com.br\/sites\/paralelo10\/wp-json\/wp\/v2\/posts\/2465","targetHints":{"allow":["GET"]}}],"collection":[{"href":"https:\/\/ultimato.com.br\/sites\/paralelo10\/wp-json\/wp\/v2\/posts"}],"about":[{"href":"https:\/\/ultimato.com.br\/sites\/paralelo10\/wp-json\/wp\/v2\/types\/post"}],"author":[{"embeddable":true,"href":"https:\/\/ultimato.com.br\/sites\/paralelo10\/wp-json\/wp\/v2\/users\/2"}],"replies":[{"embeddable":true,"href":"https:\/\/ultimato.com.br\/sites\/paralelo10\/wp-json\/wp\/v2\/comments?post=2465"}],"version-history":[{"count":1,"href":"https:\/\/ultimato.com.br\/sites\/paralelo10\/wp-json\/wp\/v2\/posts\/2465\/revisions"}],"predecessor-version":[{"id":2466,"href":"https:\/\/ultimato.com.br\/sites\/paralelo10\/wp-json\/wp\/v2\/posts\/2465\/revisions\/2466"}],"wp:attachment":[{"href":"https:\/\/ultimato.com.br\/sites\/paralelo10\/wp-json\/wp\/v2\/media?parent=2465"}],"wp:term":[{"taxonomy":"category","embeddable":true,"href":"https:\/\/ultimato.com.br\/sites\/paralelo10\/wp-json\/wp\/v2\/categories?post=2465"},{"taxonomy":"post_tag","embeddable":true,"href":"https:\/\/ultimato.com.br\/sites\/paralelo10\/wp-json\/wp\/v2\/tags?post=2465"}],"curies":[{"name":"wp","href":"https:\/\/api.w.org\/{rel}","templated":true}]}}