{"id":2438,"date":"2012-07-18T08:51:16","date_gmt":"2012-07-18T11:51:16","guid":{"rendered":"http:\/\/ultimato.com.br\/sites\/paralelo10\/?p=2438"},"modified":"2012-07-18T08:52:12","modified_gmt":"2012-07-18T11:52:12","slug":"comeca-hoje-o-grande-encontro-da-igreja-indigena","status":"publish","type":"post","link":"https:\/\/ultimato.com.br\/sites\/paralelo10\/2012\/07\/comeca-hoje-o-grande-encontro-da-igreja-indigena\/","title":{"rendered":"Come\u00e7a hoje o grande encontro da igreja ind\u00edgena!"},"content":{"rendered":"<p>Come\u00e7a hoje o 7\u00ba Congresso Nacional do CONPLEI (Conselho Nacional de Pastores e L\u00edderes Evang\u00e9licos Ind\u00edgenas), em Chapada dos Guimar\u00e3es (MT). Espera-se reunir 3 mil pessoas, a maioria ind\u00edgenas.\u00a0A maior parte da programa\u00e7\u00e3o &#8212; que inclui devocionais, palestras, m\u00fasica, testemunhos e esportes &#8212; ser\u00e1 conduzida pelos pr\u00f3prios ind\u00edgenas.<\/p>\n<p>O encontro deste ano tem um motivo especial: a comemora\u00e7\u00e3o de cem anos do trabalho mission\u00e1rio entre os ind\u00edgenas no Brasil.<\/p>\n<p>Veja abaixo o v\u00eddeo produzido pelo mission\u00e1rio Paulo Nunes, que mostra um pouco da hist\u00f3ria dos congressos do CONPLEI e os meses de preparativos para o encontro que come\u00e7a hoje.<\/p>\n<p>Ore para que Deus derrame sua gra\u00e7a sobre os participantes.<\/p>\n<p><img src=\"https:\/\/ultimato.com.br\/sites\/paralelo10\/wp-content\/plugins\/lightview-plus\/img\/novideo.png\" width=\"300\" height=\"168\" alt=\"Video not available\" \/><br \/><div style=\"background-color:#FFC0CB; border:1px solid silver; color:#110000; margin:0 0 1.5em; overflow:auto; padding: 3px;\">\n\t\t\t\t\t\t\t\t<strong>Provider:<\/strong>  <br \/>\n\t\t\t\t\t\t\t\t<strong>Title:<\/strong>  <br \/>\n\t\t\t\t\t\t\t\t<strong>Thumbnail URL:<\/strong>  <br \/>\n\t\t\t\t\t\t\t\t<strong>Embed URL:<\/strong>  <br \/>\n\t\t\t\t\t\t\t\t<strong>Link:<\/strong>  <br \/>\n\t\t\t\t\t\t\t\t<strong>Width:<\/strong>  px<br \/>\n\t\t\t\t\t\t\t\t<strong>Height:<\/strong>  px<br \/>\n\t\t\t\t\t\t\t\t<strong>Got data @:<\/strong> 24.4.2026 10:59:50<br \/>\n\t\t\t\t\t\t\t<\/div><\/p>\n","protected":false},"excerpt":{"rendered":"<p>Come\u00e7a hoje o 7\u00ba Congresso Nacional do CONPLEI (Conselho Nacional de Pastores e L\u00edderes Evang\u00e9licos Ind\u00edgenas), em Chapada dos Guimar\u00e3es (MT). Espera-se reunir 3 mil pessoas, a maioria ind\u00edgenas.\u00a0A maior parte da programa\u00e7\u00e3o &#8212; que inclui devocionais, palestras, m\u00fasica, testemunhos e esportes &#8212; ser\u00e1 conduzida pelos pr\u00f3prios ind\u00edgenas. O encontro deste ano tem um motivo [&hellip;]<\/p>\n","protected":false},"author":2,"featured_media":0,"comment_status":"open","ping_status":"open","sticky":false,"template":"","format":"standard","meta":{"ngg_post_thumbnail":0,"footnotes":""},"categories":[1,7],"tags":[],"class_list":["post-2438","post","type-post","status-publish","format-standard","hentry","category-uncategorized","category-noticias"],"_links":{"self":[{"href":"https:\/\/ultimato.com.br\/sites\/paralelo10\/wp-json\/wp\/v2\/posts\/2438","targetHints":{"allow":["GET"]}}],"collection":[{"href":"https:\/\/ultimato.com.br\/sites\/paralelo10\/wp-json\/wp\/v2\/posts"}],"about":[{"href":"https:\/\/ultimato.com.br\/sites\/paralelo10\/wp-json\/wp\/v2\/types\/post"}],"author":[{"embeddable":true,"href":"https:\/\/ultimato.com.br\/sites\/paralelo10\/wp-json\/wp\/v2\/users\/2"}],"replies":[{"embeddable":true,"href":"https:\/\/ultimato.com.br\/sites\/paralelo10\/wp-json\/wp\/v2\/comments?post=2438"}],"version-history":[{"count":6,"href":"https:\/\/ultimato.com.br\/sites\/paralelo10\/wp-json\/wp\/v2\/posts\/2438\/revisions"}],"predecessor-version":[{"id":2445,"href":"https:\/\/ultimato.com.br\/sites\/paralelo10\/wp-json\/wp\/v2\/posts\/2438\/revisions\/2445"}],"wp:attachment":[{"href":"https:\/\/ultimato.com.br\/sites\/paralelo10\/wp-json\/wp\/v2\/media?parent=2438"}],"wp:term":[{"taxonomy":"category","embeddable":true,"href":"https:\/\/ultimato.com.br\/sites\/paralelo10\/wp-json\/wp\/v2\/categories?post=2438"},{"taxonomy":"post_tag","embeddable":true,"href":"https:\/\/ultimato.com.br\/sites\/paralelo10\/wp-json\/wp\/v2\/tags?post=2438"}],"curies":[{"name":"wp","href":"https:\/\/api.w.org\/{rel}","templated":true}]}}